{"id":33231,"date":"2025-10-08T03:55:02","date_gmt":"2025-10-08T01:55:02","guid":{"rendered":"https:\/\/www.graswurzel.net\/gwr\/?p=33231"},"modified":"2025-10-08T12:27:10","modified_gmt":"2025-10-08T10:27:10","slug":"gemeinsam-in-trauer-gemeinsam-fuer-den-frieden-2","status":"publish","type":"post","link":"https:\/\/www.graswurzel.net\/gwr\/2025\/10\/gemeinsam-in-trauer-gemeinsam-fuer-den-frieden-2\/","title":{"rendered":"Gemeinsam in Trauer, gemeinsam f\u00fcr den Frieden"},"content":{"rendered":"<p>Palestinians and Jews for Peace wurde nur wenige Tage nach dem Massaker vom 7. Oktober gegr\u00fcndet\u00a0\u2013\u00a0einem Tag unermesslichen Schreckens, unvorstellbarer Trauer und tiefen Verlusts.\u00a0Wir waren ersch\u00fcttert, gebrochen, ver\u00e4ngstigt und w\u00fctend. Verzweifelt dar\u00fcber, wie schnell die Welt begann, Seiten zu w\u00e4hlen, Verbrechen zu rechtfertigen und unsere gemeinsame Menschlichkeit zu vergessen.<\/p>\n<p>Wir waren verzweifelt. Wir mussten trauern \u2013 nicht allein, sondern gemeinsam.\u00a0Uns gegenseitig daran erinnern, dass Mitgef\u00fchl kein Verrat ist, dass das Trauern um jedes Leben keine Schw\u00e4che bedeutet und dass Solidarit\u00e4t das einzige Gegenmittel gegen Hass ist.<\/p>\n<h5>Seitdem sind zwei Jahre vergangen.<\/h5>\n<p>Wir erinnern uns an jedes Leben, das an diesem Tag geraubt wurde, und an die zahllosen Leben, die seither genommen wurden. Was als Trag\u00f6die begann, ist zu einer andauernden Katastrophe geworden \u2013 zu einem Krieg, der in Gaza zum V\u00f6lkermord geworden ist, zu einem Albtraum, der weiterhin Familien, Zukunft und die Hoffnung selbst zerst\u00f6rt.<\/p>\n<p>Wir sind alle ersch\u00f6pft \u2013 k\u00f6rperlich, seelisch und geistig.\u00a0Pal\u00e4stinenser:innen und Israelis leben in Angst, Trauer und Verzweiflung. Die Familien der Geiseln warten weiterhin in qu\u00e4lender Ungewissheit. In Gaza sind Generationen unter den Tr\u00fcmmern begraben. Im Westjordanland leben Menschen unter wachsender Besatzung und t\u00e4glicher Gewalt.<\/p>\n<p>\u00dcberall sehen wir den Aufstieg von Rassismus, Entmenschlichung und Antisemitismus.\u00a0Und in der Diaspora tragen Pal\u00e4stinenser:innen und J\u00fcd:innen dieselbe schwere Stille \u2013 die Stille von Menschen, die schon zu lange geweint haben, die Angst vor Hoffnung haben und die von einer Welt zerrissen werden, die immer wieder den Krieg \u00fcber das Mitgef\u00fchl stellt.<\/p>\n<p>Wir hatten bis heute weder die Zeit noch den Frieden, um wirklich zu trauern. Jeden Tag bringt die Nachricht ein neues Verbrechen, ein weiteres verlorenes Leben. Pal\u00e4stinenser:innen und Israelis wird der grundlegendste menschliche Akt verweigert \u2013 anzuhalten, zu atmen, zu trauern, zu heilen.<\/p>\n<h5>Es reicht.<\/h5>\n<p>Die von der Hamas am 7.10. ver\u00fcbten Gr\u00e4ueltaten waren ein Massaker \u2013 kein Akt des Widerstands.\u00a0Dies als Widerstand zu bezeichnen oder den Horror dieses Tages zu verherrlichen, ist nicht pro-pal\u00e4stinensisch; es ist anti-pal\u00e4stinensisch. Es entmenschlicht beide V\u00f6lker und verr\u00e4t den Kampf um wahre Befreiung.<\/p>\n<p>Ebenso war die Reaktion der israelischen Regierung auf den 7.10. nichts anderes als kollektive Bestrafung\u00a0\u2013 eine Kampagne der Zerst\u00f6rung und des Todes, die Zivilisten ins Visier genommen und Gaza seines Lebens beraubt hat. Es war niemals Selbstverteidigung. Dies als Selbstverteidigung zu bezeichnen und Kriegsverbrechen zu rechtfertigen, ist keine Solidarit\u00e4t mit Israelis. Es ist Mitschuld an ihrem Leid \u2013 und am Leid von Millionen Pal\u00e4stinensern.<br \/>\nGenug vom T\u00f6ten. Genug vom Hass.\u00a0Genug von der L\u00fcge, dass Sicherheit auf dem Leid anderer aufgebaut werden k\u00f6nne. Genug davon, eine Trauer gegen die andere auszuspielen.<\/p>\n<p>Jedes menschliche Leben z\u00e4hlt \u2013 gleichwertig, vollst\u00e4ndig, ohne Ausnahme.<br \/>\nM\u00f6ge das Andenken an jedes Opfer, israelisch wie pal\u00e4stinensisch, uns dazu bewegen, diesen Kreislauf des Grauens zu beenden und die Welt aufzubauen, die ihnen allen verwehrt blieb\u00a0\u2013 eine Welt, in der Freiheit und Sicherheit allen geh\u00f6ren.<\/p>\n<p style=\"margin-inline: auto; text-align: center; border: 1px solid black; border-radius: 0.5em; width: 350px;\"><a href=\"https:\/\/clicks.innn.it\/f\/a\/SKNt45K5aEhba8e6foWF5A~~\/AAAHahA~\/CakSB10XpMr1uVMM2_BPOiS_m56q3lV5IUvUP1uhR8fRh-M00Rhiz94Pg3zGlvsBjHOLQEvLNXXMnBBl4k8-i9Lm6IPmxs-xEsgHmcwsOOGj76ecgDbg0EkqjnPk3mG17aRyBE27hDSpU-UOiCp1XAEpOnDJhD9yV8PKsD7OzM26znz8RgF_2v0ty38VlwhqMoLwYmJusgpnc3_E6QLgc-KLIZ9MKllaf_xYEbsztqQKgO7i8jtLGtReSKU4RqhldvkYQkc1uO4EogLR_hbsWVNO1OeECbg8KG_EF8o-jnnfn8q8I8GzcYMgi2pWbWBSpGTtDqKKYj2j1IBid_hSVA~~\"> <b>Instagram-Beitrag teilen<\/b><\/a><\/p>\n<p>Danke f\u00fcr deine Unterst\u00fctzung!<\/p>\n","protected":false},"excerpt":{"rendered":"<p>Palestinians and Jews for Peace wurde nur wenige Tage nach dem Massaker vom 7. Oktober gegr\u00fcndet\u00a0\u2013\u00a0einem Tag unermesslichen Schreckens, unvorstellbarer Trauer und tiefen Verlusts.\u00a0Wir waren ersch\u00fcttert, gebrochen, ver\u00e4ngstigt und w\u00fctend. Verzweifelt dar\u00fcber, wie schnell die Welt begann, Seiten zu w\u00e4hlen, Verbrechen zu rechtfertigen und unsere gemeinsame Menschlichkeit zu vergessen. Wir waren verzweifelt. Wir mussten trauern &hellip; <a href=\"https:\/\/www.graswurzel.net\/gwr\/2025\/10\/gemeinsam-in-trauer-gemeinsam-fuer-den-frieden-2\/\">Weiterlesen<\/a><\/p>\n","protected":false},"author":499,"featured_media":33234,"comment_status":"closed","ping_status":"closed","sticky":false,"template":"","format":"standard","meta":{"slim_seo":{"title":"Gemeinsam in Trauer, gemeinsam f\u00fcr den Frieden - graswurzelrevolution","description":"Palestinians and Jews for Peace wurde nur wenige Tage nach dem Massaker vom 7. Oktober gegr\u00fcndet\u00a0\u2013\u00a0einem Tag unermesslichen Schreckens, unvorstellbarer Trauer u"},"footnotes":""},"categories":[12],"tags":[1988,1989,2110,2053],"class_list":["post-33231","post","type-post","status-publish","format-standard","has-post-thumbnail","hentry","category-news","tag-gaza","tag-hamas","tag-massaker","tag-palestinians-and-jews-for-peace"],"_links":{"self":[{"href":"https:\/\/www.graswurzel.net\/gwr\/wp-json\/wp\/v2\/posts\/33231","targetHints":{"allow":["GET"]}}],"collection":[{"href":"https:\/\/www.graswurzel.net\/gwr\/wp-json\/wp\/v2\/posts"}],"about":[{"href":"https:\/\/www.graswurzel.net\/gwr\/wp-json\/wp\/v2\/types\/post"}],"author":[{"embeddable":true,"href":"https:\/\/www.graswurzel.net\/gwr\/wp-json\/wp\/v2\/users\/499"}],"replies":[{"embeddable":true,"href":"https:\/\/www.graswurzel.net\/gwr\/wp-json\/wp\/v2\/comments?post=33231"}],"version-history":[{"count":5,"href":"https:\/\/www.graswurzel.net\/gwr\/wp-json\/wp\/v2\/posts\/33231\/revisions"}],"predecessor-version":[{"id":33238,"href":"https:\/\/www.graswurzel.net\/gwr\/wp-json\/wp\/v2\/posts\/33231\/revisions\/33238"}],"wp:featuredmedia":[{"embeddable":true,"href":"https:\/\/www.graswurzel.net\/gwr\/wp-json\/wp\/v2\/media\/33234"}],"wp:attachment":[{"href":"https:\/\/www.graswurzel.net\/gwr\/wp-json\/wp\/v2\/media?parent=33231"}],"wp:term":[{"taxonomy":"category","embeddable":true,"href":"https:\/\/www.graswurzel.net\/gwr\/wp-json\/wp\/v2\/categories?post=33231"},{"taxonomy":"post_tag","embeddable":true,"href":"https:\/\/www.graswurzel.net\/gwr\/wp-json\/wp\/v2\/tags?post=33231"}],"curies":[{"name":"wp","href":"https:\/\/api.w.org\/{rel}","templated":true}]}}