{"id":33763,"date":"2026-03-01T12:33:38","date_gmt":"2026-03-01T10:33:38","guid":{"rendered":"https:\/\/www.graswurzel.net\/gwr\/2026\/03\/die-graswurzelrevolution-trauert-um-walther-l-bernecker\/"},"modified":"2026-03-04T12:26:12","modified_gmt":"2026-03-04T10:26:12","slug":"die-graswurzelrevolution-trauert-um-walther-l-bernecker","status":"publish","type":"post","link":"https:\/\/www.graswurzel.net\/gwr\/2026\/03\/die-graswurzelrevolution-trauert-um-walther-l-bernecker\/","title":{"rendered":"Die Graswurzelrevolution trauert um Walther L. Bernecker"},"content":{"rendered":"<p><strong>Liebe Leser*innen,<\/strong><\/p>\n<p><img loading=\"lazy\" decoding=\"async\" class=\"size-medium wp-image-33779 alignleft\" src=\"https:\/\/www.graswurzel.net\/gwr\/wp-content\/uploads\/2026\/03\/LB-181x300.jpg\" alt=\"LB\" width=\"181\" height=\"300\" srcset=\"https:\/\/www.graswurzel.net\/gwr\/wp-content\/uploads\/2026\/03\/LB-181x300.jpg 181w, https:\/\/www.graswurzel.net\/gwr\/wp-content\/uploads\/2026\/03\/LB.jpg 300w\" sizes=\"auto, (max-width: 181px) 100vw, 181px\" \/>wir trauern um unseren Freund, Mitstreiter, F\u00f6rderer und Autor Walther L. Bernecker (17.7.1947\u201318.2.2026). Der herausragende deutschsprachige Wissenschaftler zur Geschichte Spaniens im 20. Jahrhundert pr\u00e4gte mit seinen B\u00fcchern Generationen von Hispanist*innen und hat bis heute Einfluss auf die anarchistische Bewegung. Sein Opus Magnum \u201eAnarchismus und B\u00fcrgerkrieg. Zur Geschichte der Sozialen Revolution in Spanien 1936\u20131939\u201c wurde im Verlag Graswurzelrevolution mehrmals neu aufgelegt, sein Buch \u201eGeschichte und Erinnerungskultur. Spaniens anhaltender Deutungskampf um Vergangenheit und Gegenwart\u201c erschien 2023 bei uns. Zusammen mit S\u00f6ren Brinkmann hat er 2011 das Standardwerk \u201eKampf der Erinnerungen. Der Spanische B\u00fcrgerkrieg in Politik und Gesellschaft 1936-2010\u201c im Verlag Graswurzelrevolution herausgebracht. Auch seinen letzten Artikel hat er zusammen mit S\u00f6ren Brinkmann geschrieben: \u201eIm Schatten Francos. Spaniens Geschichte vom B\u00fcrgerkrieg bis heute\u201c erschien im November 2025 in der GWR Nr. 503.<br \/>\nBernecker verf\u00fcgte \u00fcber ein gro\u00dfes Wissen und hat begeistert durch seine Gabe, historische Zusammenh\u00e4nge lebendig zu vermitteln. \u201eMit ihm verlieren wir einen gro\u00dfartigen Mittler zwischen den Kulturen und einen humorvollen und gro\u00dfz\u00fcgigen Freund\u201c, schreiben seine Kolleg*innen vom Instituto Cervantes treffend. In einer der n\u00e4chsten Ausgaben werden wir mit einem l\u00e4ngeren Nachruf an ihn erinnern. Ruhe in Frieden, lieber Walther L. Bernecker.<\/p>\n<p><strong>Debanking<\/strong><\/p>\n<p>Im Februar 2026 hat Lou Marin mit dem Artikel \u201eDebanking. Deutsche Banken und die Anti-Antifa-Politik des Trump-Regimes\u201c \u00fcber die Politik von Postbank, Sparkasse G\u00f6ttingen und GLS-Bank aufgekl\u00e4rt. Die Banken haben ohne Begr\u00fcndung Konten antifaschistischer Organisationen aufgek\u00fcndigt. Ein Hintergrund ist offenbar die Anti-Antifa-Politik der Trump-Regierung, die Antifaschismus mit Terrorismus gleichsetzt und den Banken, bei denen antifaschistische Gruppen Konten haben, Konsequenzen androht.<br \/>\nBetroffen vom Debanking sind u.a. die Rote Hilfe, die Graswurzelrevolution, Anarchist Black Cross Dresden und die DKP. Bei den Recherchen zum Artikel ist Lou Marin leider ein Fehler unterlaufen. Anders als im Artikel in der Printausgabe angegeben, ist die FAU Berlin nicht vom Debanking betroffen. Siehe dazu den Kasten auf dieser Seite.<br \/>\nDie mittlerweile zur Deutschen Bank geh\u00f6rende Postbank hat 2025 die Konten der Roten Hilfe, sowie ein Konto der Zeitschrift Graswurzelrevolution und ein Konto des Buchverlags Graswurzelrevolution gek\u00fcndigt. Am 11. Februar 2026 hat die Vereinigung der Verfolgten des Naziregimes\u00a0\/ Bund der Antifaschist*innen (VVN-BdA) bekanntgegeben, dass die Postbank jetzt auch vier Vereinen der Berliner VVN-BdA zum 31. M\u00e4rz 2026 die Konten gek\u00fcndigt hat. Einer VVN-BdA-Mitteilung zufolge sei es in den letzten zwei Jahren etlichen Kreisvereinigungen sowie der Begegnungsst\u00e4tte Heideruh ebenso ergangen. Die Hintergr\u00fcnde sind laut VVN-BdA unklar. Die Postbank werde zwar umstrukturiert, aber auch der Druck der US-Regierung sowie des Verfassungsschutzes (VS) k\u00f6nnten Gr\u00fcnde sein. Auf Bestreben des Inlandsgeheimdienstes war der VVN-BdA 2019 die Gemeinn\u00fctzigkeit aberkannt worden.<br \/>\nDie Rolle des Antifa-Verbots in den USA hatte die Sparkasse G\u00f6ttingen im Zuge eines Eilverfahrens im Januar 2026 best\u00e4tigen m\u00fcssen, woraufhin ein G\u00f6ttinger Gericht die K\u00fcndigung des Rote Hilfe-Sparkassenkontos als rechtswidrig verurteilt hat (vgl. GWR 506).<br \/>\nAm 24. Februar 2026 teilte die Rote Hilfe mit, dass sie auch ihre zehn Konten bei der GLS-Bank behalten darf. Die antifaschistische Organisation und die Bochumer Gemeinschaftsbank haben sich geeinigt. Die Proteste haben gewirkt. Gro\u00dfartig!<\/p>\n<p><strong>Freispruch im Kreidekomplex<\/strong><\/p>\n<p>Isaak Rose schreibt regelm\u00e4\u00dfig als Autor auch f\u00fcr die Graswurzelrevolution. In den Libert\u00e4ren Buchseiten dieser GWR stellt er z. B. das neue Rote-Hilfe-Buch von Silke Makowski vor.<br \/>\nAm 10. Februar 2026 stand der freie Journalist als Angeklagter vor dem Amtsgericht M\u00fcnster. Polizisten hatten ihn angezeigt, weil er ihr brutales Vorgehen bei einer Antifa-Demo gefilmt und fotografiert und diese Dokumente auf Instagram ver\u00f6ffentlicht hat.<br \/>\nDazu Isaak am 16. Februar im jW-Interview: \u201eIm vergangenen Sommer sind Neonazis durch M\u00fcnster marschiert. Um f\u00fcr die Gegendemo zu mobilisieren, hatten junge Aktivist*innen im Vorfeld mit Kreide auf den Stra\u00dfen der Innenstadt auf den Termin hingewiesen. Die Polizei kontrollierte und durchsuchte die Personen. Zudem beschlagnahmte sie Kreide und drohte mit Strafanzeigen. Au\u00dferdem tauchte sie nach der Kontrolle bei zum Teil Minderj\u00e4hrigen vor der Haust\u00fcr auf, um sogenannte Gef\u00e4hrderansprachen durchzuf\u00fchren. In Solidarit\u00e4t mit den Betroffenen meldete ich eine Demo vor der Wache an, um dort demonstrativ zu kreiden. Die Polizei zog, um das zu verhindern, Pfefferspray sowie Schlagst\u00f6cke und schlug eine Person krankenhausreif. Der Grund: Durch das Kreiden sei die \u00f6ffentliche Sicherheit gef\u00e4hrdet.\u201c<br \/>\nDer Richter kritisierte die Polizei und stellte fest, dass es sich \u201ebei der Dokumentation von Polizeigewalt selbstverst\u00e4ndlich um Zeitgeschehen handelt\u201c und der Journalist sich somit durch die Ver\u00f6ffentlichung des Materials nicht strafbar gemacht hat. Isaaks Anwalt Wilhelm Achelp\u00f6hler stellt klar: \u201eDie Polizei wollte offenbar verhindern, dass Bilder ihres breit diskutierten und selbst in der Lokalpresse kritisierten Einsatzes ver\u00f6ffentlicht werden. Insofern ist der Freispruch nicht nur ein Erfolg f\u00fcr den Angeklagten, sondern auch f\u00fcr die Meinungsfreiheit. Denn wer sich eine begr\u00fcndete Meinung bilden will, braucht Fakten und eben auch Bilder.\u201c<br \/>\nWir gratulieren unserem Freund und Genossen Isaak ganz herzlich zu diesem Erfolg!<\/p>\n<p>Gefreut haben wir uns auch \u00fcber eine Sendung von Radio Corax, in der Passagen vorgelesen wurden aus dem im Februar in der GWR 506 unter dem Titel \u201eDie L\u00f6sung ist die Dezentralisierung der Macht\u201c erschienenen Interview von Robert Krieg mit der kurdischen Filmemacherin Sev\u00eenaz Evdik\u00ea \u00fcber die Situation von Frauen in Rojava und das islamistische Regime in Damaskus. Nachzuh\u00f6ren in der Mediathek ((1)).<br \/>\nDer internationale Schwerpunkt der GWR 506 wird in dieser Ausgabe vertieft mit Beitr\u00e4gen aus und \u00fcber Rojava, die USA, Gro\u00dfbritannien, Ungarn, Bulgarien, Russland und die Ukraine.<br \/>\nGisela Notz stellt uns die unbekannte Anarchistin Margarete Kubicka (S. 9) vor. Auf den Seiten 13 bis 24 findet Ihr wieder eine neue Ausgabe der Libert\u00e4ren Buchseiten mit vielen Rezensionen zu B\u00fcchern, die wir Euch ans Herz legen.<br \/>\nFreuen k\u00f6nnt Ihr Euch auf die Schwerpunkte Antimilitarismus und KI, die Ihr im April in der GWR 508 finden werdet.<\/p>\n<p><strong>Anarchie und Gl\u00fcck,<\/strong><br \/>\n<strong>Bernd Dr\u00fccke (GWR-Koordinationsredakteur)<\/strong><\/p>\n","protected":false},"excerpt":{"rendered":"<p>Liebe Leser*innen, wir trauern um unseren Freund, Mitstreiter, F\u00f6rderer und Autor Walther L. Bernecker (17.7.1947\u201318.2.2026). Der herausragende deutschsprachige Wissenschaftler zur Geschichte Spaniens im 20. Jahrhundert pr\u00e4gte mit seinen B\u00fcchern Generationen von Hispanist*innen und hat bis heute Einfluss auf die anarchistische Bewegung. Sein Opus Magnum \u201eAnarchismus und B\u00fcrgerkrieg. Zur Geschichte der Sozialen Revolution in Spanien 1936\u20131939\u201c &hellip; <a href=\"https:\/\/www.graswurzel.net\/gwr\/2026\/03\/die-graswurzelrevolution-trauert-um-walther-l-bernecker\/\">Weiterlesen<\/a><\/p>\n","protected":false},"author":502,"featured_media":33773,"comment_status":"closed","ping_status":"closed","sticky":false,"template":"","format":"standard","meta":{"slim_seo":{"title":"Die Graswurzelrevolution trauert um Walther L. Bernecker - graswurzelrevolution","description":"Liebe Leser*innen, wir trauern um unseren Freund, Mitstreiter, F\u00f6rderer und Autor Walther L. Bernecker (17.7.1947\u201318.2.2026). Der herausragende deutschsprachige"},"footnotes":""},"categories":[2119],"tags":[],"class_list":["post-33763","post","type-post","status-publish","format-standard","has-post-thumbnail","hentry","category-507-maerz-2026"],"_links":{"self":[{"href":"https:\/\/www.graswurzel.net\/gwr\/wp-json\/wp\/v2\/posts\/33763","targetHints":{"allow":["GET"]}}],"collection":[{"href":"https:\/\/www.graswurzel.net\/gwr\/wp-json\/wp\/v2\/posts"}],"about":[{"href":"https:\/\/www.graswurzel.net\/gwr\/wp-json\/wp\/v2\/types\/post"}],"author":[{"embeddable":true,"href":"https:\/\/www.graswurzel.net\/gwr\/wp-json\/wp\/v2\/users\/502"}],"replies":[{"embeddable":true,"href":"https:\/\/www.graswurzel.net\/gwr\/wp-json\/wp\/v2\/comments?post=33763"}],"version-history":[{"count":3,"href":"https:\/\/www.graswurzel.net\/gwr\/wp-json\/wp\/v2\/posts\/33763\/revisions"}],"predecessor-version":[{"id":33780,"href":"https:\/\/www.graswurzel.net\/gwr\/wp-json\/wp\/v2\/posts\/33763\/revisions\/33780"}],"wp:featuredmedia":[{"embeddable":true,"href":"https:\/\/www.graswurzel.net\/gwr\/wp-json\/wp\/v2\/media\/33773"}],"wp:attachment":[{"href":"https:\/\/www.graswurzel.net\/gwr\/wp-json\/wp\/v2\/media?parent=33763"}],"wp:term":[{"taxonomy":"category","embeddable":true,"href":"https:\/\/www.graswurzel.net\/gwr\/wp-json\/wp\/v2\/categories?post=33763"},{"taxonomy":"post_tag","embeddable":true,"href":"https:\/\/www.graswurzel.net\/gwr\/wp-json\/wp\/v2\/tags?post=33763"}],"curies":[{"name":"wp","href":"https:\/\/api.w.org\/{rel}","templated":true}]}}