{"id":4035,"date":"2001-05-01T00:00:38","date_gmt":"2001-04-30T22:00:38","guid":{"rendered":"http:\/\/test.graswurzel.net\/gwr\/?p=4035"},"modified":"2022-07-26T14:16:55","modified_gmt":"2022-07-26T12:16:55","slug":"meister-der-systemapologetik-4","status":"publish","type":"post","link":"https:\/\/www.graswurzel.net\/gwr\/2001\/05\/meister-der-systemapologetik-4\/","title":{"rendered":"Meister der Systemapologetik"},"content":{"rendered":"<h3>Preistr\u00e4ger des Monats Mai: Josef Joffe von der &#8222;Zeit&#8220; f\u00fcr seinen Leitartikel &#8222;Deutsch und Stolz&#8220; vom 22.3.2001<\/h3>\n<p>Laudatio: Diesen Monat war es wieder mal schwer. Wenn dieser halbverr\u00fcckte Haufen von politischer Klasse, der uns leider schon viel zu lange regiert, eins seiner Lieblingsthemen aus der Tasche zieht, den Stolz auf&#8217;s Vaterland n\u00e4mlich, dann hagelt es verd\u00e4chtige Preistr\u00e4gerInnen. Angela Merkel w\u00e4r&#8217;s fast geworden, will sie doch nicht nur stolz auf Deutschland sein wie jeder biedere Skinhead\/Nationalist\/PatrIdiot, nein, sie will auch stolz auf die NATO und die Westbindung sein. Wie w\u00e4r&#8217;s denn mit dem Stolz auf den Nordatlantik, ohne den die NATO nie zum Nordatlantikpakt geworden w\u00e4re? Oder wahlweise mit Stolz auf die Skibindung? Naja, bei Merkel w\u00e4r&#8217;s wahrscheinlich schon erst mal der Stolz auf ihre Verbindung!<\/p>\n<p>Wie immer aber, wenn schon alles vorbei und auch alles \u00fcberfl\u00fcssige gesagt und dreimal wiedergek\u00e4ut ist, kommt dann noch die liberale &#8222;Zeit&#8220; daher und meldet sich jovial aus der Mitte aller angeblichen Extreme. So beginnt Joffe seinen ultimativen Stolzismus-Leitartikel gar mit einer Kritik an der angeblich &#8222;j\u00fcngsten Aufwallung der &#8217;schwatzenden Klasse'&#8220;! Doch wer nun meint, diese Kritik w\u00fcrde zur Nationalismuskritik voranschreiten, sieht sich &#8211; klassisch &#8222;Zeit&#8220; eben &#8211; bald get\u00e4uscht. &#8222;Unehrlich&#8220; sei, so Joffe, wer aus Nation gleich Nationalismus mache oder Patriotismus als nationale Arroganz denunziere. Das kennen wir, und es endet immer so: &#8222;Ist es des Demokraten eiserne Pflicht, sich jede Vokabel von den Glatzen klauen zu lassen?&#8220;, fragt er. Ganz besonders preisw\u00fcrdig erscheint uns hier das preu\u00dfische &#8222;eiserne Pflicht&#8220; &#8211; etwas anderes kann sich der ideelle Gesamtdeutschliberale unter Demokratie eben nicht vorstellen. Man\/frau k\u00f6nnte sich ja ganz freiwillig eine Vokabel von den Glatzen klauen lassen, die eben sowieso den Glatzen geh\u00f6rt.<\/p>\n<p>Wer also stolz sein will, kann nach Joffe auf eine Demokratie stolz sein (&#8222;eisern&#8220;?), die &#8222;liberaler ist als die franz\u00f6sische oder britische&#8220; (h\u00f6rt, h\u00f6rt!) &#8222;Ein \u00fcberm\u00e4chtiger Staat? Die Macht ist nur in der Schweiz kr\u00e4ftiger zersplittert.&#8220; Also, gleich nach der Schweiz haben wir die beste Anarchie! Noch nicht gewu\u00dft? Und dann erst: &#8222;Ausgrenzung von Fremden? Sp\u00e4t, aber doch hat sich das Recht auf Einb\u00fcrgerung neben dem archaischen Prinzip des V\u00f6lkischen durchgesetzt.&#8220; Und das ist nun wirklich eine Meisterleistung, die nur der &#8222;Zeit&#8220; gelingen kann. Nicht nur dass der Rassismus der 90er Jahre so zurecht gelogen wird, um darauf auch noch stolz sein zu k\u00f6nnen, nein, die Einb\u00fcrgerung hat sich &#8222;neben&#8220; dem archaischen V\u00f6lkischen durchgesetzt &#8211; also letzteres doch auch, nicht wahr? So wird&#8217;s dann eben doch nicht ganz zur L\u00fcge &#8211; sondern einfach nur zum Stuss! Meisterhaft!<\/p>\n<p>Joffe schlie\u00dft damit, dass ihm Verfassungspatriotismus zu &#8222;blutarm&#8220; sei und fordert dann tats\u00e4chlich &#8222;Zuneigung&#8220; f\u00fcr das Land. Die liberale Mitte endet in Blut und Boden und im liberalen Extremismus, denn &#8222;Zuneigung&#8220; ist nun wirklich mehr als Stolz: es ist Liebe. Geht&#8217;s noch schlimmer? Kommt &#8222;Zeit&#8220;, kommt Rat!<\/p>\n","protected":false},"excerpt":{"rendered":"<p>Preistr\u00e4ger des Monats Mai: Josef Joffe von der &#8222;Zeit&#8220; f\u00fcr seinen Leitartikel &#8222;Deutsch und Stolz&#8220; vom 22.3.2001 Laudatio: Diesen Monat war es wieder mal schwer. Wenn dieser halbverr\u00fcckte Haufen von politischer Klasse, der uns leider schon viel zu lange regiert, eins seiner Lieblingsthemen aus der Tasche zieht, den Stolz auf&#8217;s Vaterland n\u00e4mlich, dann hagelt es &hellip; <a href=\"https:\/\/www.graswurzel.net\/gwr\/2001\/05\/meister-der-systemapologetik-4\/\">Weiterlesen<\/a><\/p>\n","protected":false},"author":1,"featured_media":0,"comment_status":"closed","ping_status":"closed","sticky":false,"template":"","format":"standard","meta":{"slim_seo":{"title":"Meister der Systemapologetik - graswurzelrevolution","description":"Preistr\u00e4ger des Monats Mai: Josef Joffe von der \"Zeit\" f\u00fcr seinen Leitartikel \"Deutsch und Stolz\" vom 22.3.2001 Laudatio: Diesen Monat war es wieder mal schwer."},"footnotes":""},"categories":[260,1042],"tags":[244],"class_list":["post-4035","post","type-post","status-publish","format-standard","hentry","category-259-mai-2001","category-ohne-chef-und-staat","tag-meister-der-systemapologetik"],"_links":{"self":[{"href":"https:\/\/www.graswurzel.net\/gwr\/wp-json\/wp\/v2\/posts\/4035","targetHints":{"allow":["GET"]}}],"collection":[{"href":"https:\/\/www.graswurzel.net\/gwr\/wp-json\/wp\/v2\/posts"}],"about":[{"href":"https:\/\/www.graswurzel.net\/gwr\/wp-json\/wp\/v2\/types\/post"}],"author":[{"embeddable":true,"href":"https:\/\/www.graswurzel.net\/gwr\/wp-json\/wp\/v2\/users\/1"}],"replies":[{"embeddable":true,"href":"https:\/\/www.graswurzel.net\/gwr\/wp-json\/wp\/v2\/comments?post=4035"}],"version-history":[{"count":0,"href":"https:\/\/www.graswurzel.net\/gwr\/wp-json\/wp\/v2\/posts\/4035\/revisions"}],"wp:attachment":[{"href":"https:\/\/www.graswurzel.net\/gwr\/wp-json\/wp\/v2\/media?parent=4035"}],"wp:term":[{"taxonomy":"category","embeddable":true,"href":"https:\/\/www.graswurzel.net\/gwr\/wp-json\/wp\/v2\/categories?post=4035"},{"taxonomy":"post_tag","embeddable":true,"href":"https:\/\/www.graswurzel.net\/gwr\/wp-json\/wp\/v2\/tags?post=4035"}],"curies":[{"name":"wp","href":"https:\/\/api.w.org\/{rel}","templated":true}]}}