{"id":4062,"date":"2001-06-01T00:00:48","date_gmt":"2001-05-31T22:00:48","guid":{"rendered":"http:\/\/test.graswurzel.net\/gwr\/?p=4062"},"modified":"2022-07-26T14:26:20","modified_gmt":"2022-07-26T12:26:20","slug":"turkiyede-goc-nedenleri-ve-insan-haklari","status":"publish","type":"post","link":"https:\/\/www.graswurzel.net\/gwr\/2001\/06\/turkiyede-goc-nedenleri-ve-insan-haklari\/","title":{"rendered":"T\u00fcrkiye&#8217;de g\u00f6\u00e7 nedenleri ve insan haklar\u0131"},"content":{"rendered":"<p>UMBRUCH &#8211; Bar\u0131\u015f Politikas\u0131 ve \u015eiddetten Ar\u0131nm\u0131\u015f D\u00f6n\u00fc\u015f\u00fcm i\u00e7in E\u011fitim Kurumu ile Alman Bar\u0131\u015f \u00d6rg\u00fct\u00fc Kuzey Ren Westfalya E\u011fitim Kurumu&#8217;nun Mart 2001 sonu \u0130zmir Sava\u015f Kar\u015f\u0131tlar\u0131 Derne\u011fi (\u0130SKD) ile iltica alan\u0131nda \u00e7al\u0131\u015fanlar i\u00e7in \u0130zmir&#8217;e ortakla\u015fa bir haftal\u0131k bir e\u011fitim gezisi d\u00fczenlediler. Ama\u00e7 T\u00fcrkiye&#8217;deki politik durum hakk\u0131nda birinci elden bilgi edinmekti &#8211; \u00f6zellikle de T\u00fcrkiye&#8217;nin bat\u0131s\u0131na g\u00f6\u00e7 eden K\u00fcrtlerin ya\u015fam ko\u015fullar\u0131n\u0131 ve &#8222;yurti\u00e7i g\u00f6\u00e7 alternatifi&#8220; bahanesiyle Almanya&#8217;dan T\u00fcrkiye&#8217;nin bat\u0131s\u0131na gitmek \u00fczere s\u0131n\u0131rd\u0131\u015f\u0131 edilen m\u00fcltecilerin maruz kald\u0131klar\u0131 tehditleri tan\u0131makt\u0131. Bu ba\u011flamda \u0130HD&#8217;lilerle, Uluslararas\u0131 Af \u00d6rg\u00fct\u00fc aktivistleriyle, \u0130zmir Barosu avukatlar\u0131yla, Ege \u00dcniversitesi \u00f6\u011fretim elemanlar\u0131yla, Alman Konsolosluk yetkilileriyle, T\u00fcrkiye \u0130nsan Haklar\u0131 Vakf\u0131 hekimleriyle, \u0130SKD&#8217;lilerle, HADEP&#8217;lilerle ve G\u00f6\u00e7-Der temsilcileriyle g\u00f6r\u00fc\u015fmeler yap\u0131ld\u0131.<\/p>\n<p>Hemen hemen t\u00fcm muhattaplar\u0131m\u0131z mevcut durumun pek de \u00fcmitvar olmad\u0131\u011f\u0131 konusunda hemfikirdi. \u00d6zellikle siyasi tutuklular\u0131n F Tipi Cezaevleri&#8217;ne kar\u015f\u0131 s\u00fcrd\u00fcrd\u00fc\u011f\u00fc a\u00e7l\u0131k grevinin Aral\u0131k 2000&#8217;de bast\u0131r\u0131lmaya \u00e7al\u0131\u015f\u0131lmas\u0131ndan sonra muhalif g\u00fc\u00e7lere bask\u0131n\u0131n artt\u0131\u011f\u0131 ve HADEP&#8217;in de yine daha yo\u011fun bask\u0131ya u\u011frad\u0131\u011f\u0131 aktar\u0131ld\u0131. Cezaevleri&#8217;nin \u015fartl\u0131 tahliye yasas\u0131yla k\u0131smen bo\u015falt\u0131lmas\u0131 da i\u00e7 politikan\u0131n gev\u015femesine delalet etmiyormu\u015f, \u00e7\u00fcnk\u00fc \u00f6rne\u011fin d\u00fc\u015f\u00fcnce su\u00e7u i\u015fleyip de tahliye edilenlerin yeni bir h\u00fck\u00fcmle her an cezaevlerine girmeleri olas\u0131ym\u0131\u015f. \u00d6tesinde i\u015fkencecilerin de sonradan \u015fartl\u0131 tahliyeden yararlanmalar\u0131 gibi bir tehlike varm\u0131\u015f.<\/p>\n<p>Hukuki normlar\u0131n oturtulmas\u0131 y\u00f6n\u00fcndeki (\u00f6zellikle Cumhurba\u015fkan\u0131 Sezer&#8217;de simgele\u015fen) \u00e7abalar\u0131n) ordunun iktidar\u0131 i\u00e7in kayg\u0131lanmak durumunda olmad\u0131\u011f\u0131 s\u00fcrece etkisiz kalmaya mahkum oldu\u011fu s\u00f6ylendi. Ayr\u0131ca toplumsal destek olmaks\u0131z\u0131n T\u00fcrkiye&#8217;nin demokratikle\u015fmesi de olas\u0131 de\u011filmi\u015f.<\/p>\n<p>Peki bu toplumsal destek konusunda durum ne \u00f6yleyse? En ge\u00e7 Susurluk skandal\u0131ndan bu yana geni\u015f bir kamuoyu politik sorunlara dair duyarl\u0131la\u015fmam\u0131\u015f m\u0131yd\u0131? Ama son y\u0131llarda \u00e7ok say\u0131da kurulan sivil toplum inisiyatiflerinin protesto potansiyelini biraraya getirecek bir g\u00fcce eri\u015fti\u011fini ve bu g\u00fcc\u00fcn se\u00e7imlerle parlamentoya yans\u0131yabilece\u011fini d\u00fc\u015f\u00fcnenler hayalk\u0131r\u0131kl\u0131\u011f\u0131na u\u011frad\u0131. Daha ge\u00e7en sene \u00f6rme\u011fin \u00d6DP, HADEP ve CHP aras\u0131nda tart\u0131\u015f\u0131lan i\u015fbirli\u011fi g\u00fcndemden kalkt\u0131 bile. Bunun yerine (ka\u00e7\u0131nc\u0131 kez?) sosyaldemokratlarca, solcularca ve K\u00fcrtlerce ta\u015f\u0131nacak yeni bir hareketin kurulmas\u0131 \u00fczerine kafa yoruluyor.<\/p>\n<p>K\u00fcrt taraf\u0131n\u0131n sava\u015f\u0131 tek tarafl\u0131 bitirmesinin \u00fczerinden bir bu\u00e7uk y\u0131l ge\u00e7tikten sonra dahi K\u00fcrt meselesinin &#8211; bir \u00fclkenin demokratikle\u015fmesi i\u00e7in kilit \u00f6nemdeki bir sorunun &#8211; politik \u00e7\u00f6z\u00fcm\u00fc i\u00e7in zaman\u0131n \u00e7ok da uygun oldu\u011fu anla\u015f\u0131lm\u0131yor olabilir mi? Be\u015f y\u0131l sonra de\u011fil de \u015fimdi (!) bir\u015feyler yap\u0131lmazsa sava\u015f\u0131n bu \u00fclkeye geri gelece\u011fini kimse g\u00f6remiyor mu? Politik ve k\u00fclt\u00fcrel haklar i\u00e7in verdikleri hakl\u0131 m\u00fccadelede K\u00fcrtlerin elbette T\u00fcrklerin de deste\u011fine gereksinim var! Ancak: Yeni bir K\u00fcrt politikas\u0131 i\u00e7in T\u00fcrklerin de ve \u00f6zellikle onlar\u0131n sorumluluk duydu\u011fu y\u00f6n\u00fcnde bir izlenim edinemedim! Kimse ciddi olarak bu meseleyle ilgilenmiyormu\u015f gibi. Bu manzaraya haz\u0131r de\u011fildim! (K\u00fcrtlerin s\u0131k s\u0131k dillendirdi\u011fi sat\u0131lm\u0131\u015f olma su\u00e7lamas\u0131n\u0131 eskiden ben de k\u0131zg\u0131nl\u0131kla reddederken, bu bana art\u0131k o kadar da kli\u015fe g\u00f6z\u00fckm\u00fcyor.) Ancak adil olmak nam\u0131na \u015funu da eklemeliyim ki, bizlere T\u00fcrkler ve K\u00fcrtler aras\u0131nda eskiden de i\u015fbirli\u011fi giri\u015fimlerinin oldu\u011fu, lakin bunlar\u0131n taraflar\u0131n uzal\u015fmazl\u0131\u011f\u0131 sonucu kal\u0131c\u0131 olamad\u0131\u011f\u0131 da aktar\u0131ld\u0131. Birke\u00e7 kere g\u00fc\u00e7l\u00fc T\u00fcrk milliyet\u00e7ili\u011finin de K\u00fcrdistan&#8217;daki sava\u015f\u0131n ve y\u0131llarca dillendirilen ayr\u0131 devlet talebinin sonucu oldu\u011fu y\u00f6n\u00fcnde yorumlara rastlad\u0131m. PKK&#8217;n\u0131n 1993&#8217;teki ilk ate\u015fkesi sonland\u0131rmas\u0131 baz\u0131 T\u00fcrkleri yeniden uzakla\u015ft\u0131rm\u0131\u015f.<\/p>\n<p>Yine de: Niye T\u00fcrklerle K\u00fcrtlerin ortakla\u015fa \u00e7abalad\u0131\u011f\u0131 \u00f6rg\u00fctler nedense hemen hemen hi\u00e7 yok? Bar\u0131\u015f Analar\u0131 \u0130nisiyatifi takdire de\u011fer bir istisna gibi duruyor. \u00dclkede saymakla bitmeyecek sorunlar kar\u015f\u0131s\u0131nda toplum niye bu kadar pasif? Bu t\u00fcr sorulara s\u00fcrekli \u00fclkenin \u00fc\u00e7 askeri darbe atlatt\u0131\u011f\u0131 yan\u0131t\u0131 veriliyor: toplum depolitize edilmi\u015f ve ortak sorunlara kar\u015f\u0131 duyars\u0131zm\u0131\u015f, \u00e7\u00fcnk\u00fc ortak bir etik zemin kalmam\u0131\u015f. Son darbenin \u00fcst\u00fcnden 20 y\u0131l ge\u00e7medi mi? Haks\u0131zl\u0131k (hatta \u00fcstten tak\u0131n\u0131lan bir tav\u0131r!) olabilir &#8211; ama s\u00fcrekli 12 Eyl\u00fcl&#8217;\u00fcn i\u015faret edilmesi biraz da bir bahaneye s\u0131\u011f\u0131n\u0131ld\u0131\u011f\u0131 izlenimini uyand\u0131r\u0131yor.<\/p>\n<p>Bu durum tam da sivil toplumlarda aktif \u00e7al\u0131\u015fanlar\u0131 de\u011ferli k\u0131l\u0131yor. Yetersiz say\u0131da insanla ve maddi olanaklardan yoksun s\u00fcrekli adaletsizli\u011fe kar\u015f\u0131 m\u00fccadele ediyorlar: Baro hukuki destek sa\u011fl\u0131yor, \u0130HD ve Uluslararas\u0131 Af \u00d6rg\u00fct\u00fc insan haklar\u0131 d\u00f6k\u00fcmantasyonu yap\u0131yor, T\u00fcrkiye \u0130nsan Haklar\u0131 Vakf\u0131 i\u015fkence g\u00f6renlere fiziki ve psikolojik tedavi sunuyor, \u0130zmir Sava\u015f Kar\u015f\u0131tlar\u0131 Derne\u011fi \u015fiddetten ar\u0131nm\u0131\u015fl\u0131k antrenmanlar\u0131 \u00f6rg\u00fctl\u00fcyor, G\u00f6\u00e7-Der g\u00f6\u00e7zedelere yard\u0131m ediyor. \u00c7abalar\u0131 i\u00e7in s\u0131kl\u0131kla y\u00fcksek bir bedel \u00f6demek durumunda kal\u0131yorlar. Konu\u015ftu\u011fumuz insanlar\u0131n bir \u00e7o\u011funun cezaevi deneyimi vard\u0131 ya da bir davalar silsilesiyle bo\u011fu\u015fmak zorundayd\u0131. \u00d6rg\u00fctlerin \u0130zmir \u015fubeleri arada bir yetkililerce kapat\u0131l\u0131yor.<\/p>\n<p>\u0130\u00e7 g\u00f6\u00e7 sonucu bat\u0131ya yerle\u015fen K\u00fcrtlerin (\u0130zmir&#8217;e 1990&#8217;dan bu yana a\u015fa\u011f\u0131 yukar\u0131 bir milyon ki\u015fi g\u00f6\u00e7m\u00fc\u015f, bunlar\u0131n \u00fc\u00e7te ikisi sava\u015f b\u00f6lgesinden geliyor) durumu kafa kar\u0131\u015ft\u0131r\u0131c\u0131yd\u0131. \u0130zmir yak\u0131nlar\u0131nda ziyaret etti\u011fimiz iki gecekondunun durumu i\u00e7iler ac\u0131s\u0131yd\u0131, ki her birinde y\u0131llard\u0131r a\u015fa\u011f\u0131 yukar\u0131 150\u015fer insan \u00e7ad\u0131rlarda ya\u015f\u0131yor, herhangi bir gelecek perspektifinden yoksunlar, \u00e7ocuklar\u0131n beslenme yetersizli\u011fi ve sa\u011fl\u0131k sorunlar\u0131 farkedilmeyecek gibi de\u011fil. Sadece (fiilen sadece K\u00fcrtlerin \u00e7al\u0131\u015ft\u0131\u011f\u0131) G\u00f6\u00e7-Der olanaklar\u0131 \u00e7er\u00e7evesinde sosyal yard\u0131m (giysi vb.) sa\u011flamaya \u00e7al\u0131\u015f\u0131yor. Ancak derne\u011fin asli hedefi politik: Dilleri ve k\u00fclt\u00fcrleriyle ya\u015fayabilmek i\u00e7in s\u00fcr\u00fclenlerin asli yurtlar\u0131ndaki k\u00f6ylerin yeniden in\u015fas\u0131 ve d\u00f6n\u00fc\u015f. Ancak dernek bunun yolu a\u00e7\u0131lana dek bat\u0131ya g\u00f6\u00e7 edenlere daha iyi ya\u015fam ko\u015fullar\u0131 sa\u011flanmas\u0131n\u0131 da talep ediyor.<\/p>\n<p>HADEP i\u00e7in ise sosyal etkinlikler de\u011fil, &#8222;demokratik cumhuriyet&#8220; gibi politik hedefler \u00f6nplandayd\u0131. Neyse ki baz\u0131 parti \u00fcyeleri G\u00f6\u00e7-Der&#8217;de de aktif \u00e7al\u0131\u015f\u0131yor ve t\u00fcmel hedefin yan\u0131s\u0131ra m\u00fcteessirlere sa\u011flanacak pratik yard\u0131m\u0131 g\u00f6zden ka\u00e7\u0131rm\u0131yor.<\/p>\n<p>G\u00f6r\u00fc\u015ft\u00fc\u011f\u00fcm\u00fcz yap\u0131lardan hi\u00e7birinin kendini s\u0131n\u0131rd\u0131\u015f\u0131 edilenlere (yani T\u00fcrkiye&#8217;ye geri g\u00f6nderilenlere &#8211; \u00e7.n.) s\u00fcre\u011fen olarak sahip \u00e7\u0131kacak konumda g\u00f6rmemesi Almanya&#8217;da s\u00fcrd\u00fcr\u00fclen \u00e7al\u0131\u015fmalar a\u00e7\u0131s\u0131ndan \u00f6nemliydi. Aksi y\u00f6ndeki iddialar ancak kar\u015f\u0131lanamaz beklentiler yarat\u0131rm\u0131\u015f. Dolay\u0131s\u0131yla \u00f6ncelikli hedef s\u0131n\u0131rd\u0131\u015f\u0131lar\u0131n engellenmesi olmal\u0131ym\u0131\u015f.<\/p>\n","protected":false},"excerpt":{"rendered":"<p>UMBRUCH &#8211; Bar\u0131\u015f Politikas\u0131 ve \u015eiddetten Ar\u0131nm\u0131\u015f D\u00f6n\u00fc\u015f\u00fcm i\u00e7in E\u011fitim Kurumu ile Alman Bar\u0131\u015f \u00d6rg\u00fct\u00fc Kuzey Ren Westfalya E\u011fitim Kurumu&#8217;nun Mart 2001 sonu \u0130zmir Sava\u015f Kar\u015f\u0131tlar\u0131 Derne\u011fi (\u0130SKD) ile iltica alan\u0131nda \u00e7al\u0131\u015fanlar i\u00e7in \u0130zmir&#8217;e ortakla\u015fa bir haftal\u0131k bir e\u011fitim gezisi d\u00fczenlediler. Ama\u00e7 T\u00fcrkiye&#8217;deki politik durum hakk\u0131nda birinci elden bilgi edinmekti &#8211; \u00f6zellikle de T\u00fcrkiye&#8217;nin bat\u0131s\u0131na &hellip; <a href=\"https:\/\/www.graswurzel.net\/gwr\/2001\/06\/turkiyede-goc-nedenleri-ve-insan-haklari\/\">Weiterlesen<\/a><\/p>\n","protected":false},"author":1,"featured_media":0,"comment_status":"closed","ping_status":"closed","sticky":false,"template":"","format":"standard","meta":{"slim_seo":{"title":"T\u00fcrkiye'de g\u00f6\u00e7 nedenleri ve insan haklar\u0131 - graswurzelrevolution","description":"UMBRUCH - Bar\u0131\u015f Politikas\u0131 ve \u015eiddetten Ar\u0131nm\u0131\u015f D\u00f6n\u00fc\u015f\u00fcm i\u00e7in E\u011fitim Kurumu ile Alman Bar\u0131\u015f \u00d6rg\u00fct\u00fc Kuzey Ren Westfalya E\u011fitim Kurumu'nun Mart 2001 sonu \u0130zmir Sav"},"footnotes":""},"categories":[264,1027],"tags":[],"class_list":["post-4062","post","type-post","status-publish","format-standard","hentry","category-260-sommer-2001","category-wir-sind-nicht-alleine"],"_links":{"self":[{"href":"https:\/\/www.graswurzel.net\/gwr\/wp-json\/wp\/v2\/posts\/4062","targetHints":{"allow":["GET"]}}],"collection":[{"href":"https:\/\/www.graswurzel.net\/gwr\/wp-json\/wp\/v2\/posts"}],"about":[{"href":"https:\/\/www.graswurzel.net\/gwr\/wp-json\/wp\/v2\/types\/post"}],"author":[{"embeddable":true,"href":"https:\/\/www.graswurzel.net\/gwr\/wp-json\/wp\/v2\/users\/1"}],"replies":[{"embeddable":true,"href":"https:\/\/www.graswurzel.net\/gwr\/wp-json\/wp\/v2\/comments?post=4062"}],"version-history":[{"count":0,"href":"https:\/\/www.graswurzel.net\/gwr\/wp-json\/wp\/v2\/posts\/4062\/revisions"}],"wp:attachment":[{"href":"https:\/\/www.graswurzel.net\/gwr\/wp-json\/wp\/v2\/media?parent=4062"}],"wp:term":[{"taxonomy":"category","embeddable":true,"href":"https:\/\/www.graswurzel.net\/gwr\/wp-json\/wp\/v2\/categories?post=4062"},{"taxonomy":"post_tag","embeddable":true,"href":"https:\/\/www.graswurzel.net\/gwr\/wp-json\/wp\/v2\/tags?post=4062"}],"curies":[{"name":"wp","href":"https:\/\/api.w.org\/{rel}","templated":true}]}}