{"id":4653,"date":"2002-05-01T00:00:15","date_gmt":"2002-04-30T22:00:15","guid":{"rendered":"http:\/\/test.graswurzel.net\/gwr\/?p=4653"},"modified":"2022-07-26T14:16:48","modified_gmt":"2022-07-26T12:16:48","slug":"tanz-auf-dem-wurzelwerk","status":"publish","type":"post","link":"https:\/\/www.graswurzel.net\/gwr\/2002\/05\/tanz-auf-dem-wurzelwerk\/","title":{"rendered":"Tanz auf dem Wurzelwerk"},"content":{"rendered":"<h3>Editorial und Einladung<\/h3>\n<p>Liebe Leserinnen und Leser,<\/p>\n<p>die Ausgabe 269 der <em>graswurzelrevolution<\/em> hat einen antirassistischen Schwerpunkt. Insbesondere die Beitr\u00e4ge zu den Themen <em>Antisemitismus<\/em> und <em>deutsche &#8222;Normalisierung&#8220;<\/em> bieten Diskussionsstoff. Ein Blick \u00fcber den Tellerrand, z.B. nach Frankreich (S. 1, 7), Russland (S. 6\/7), \u00d6sterreich (S.9), Kolumbien (S. 8) und Argentinien (S. 3) erweitert den eigenen Horizont und verdankt sich unseren GWR-&#8222;KorrespondentInnen&#8220; und der transnationalen Vernetzung unseres Bewegungsblattes. Aktive AntifaschistInnen, AntimilitaristInnen, Atom-GegnerInnen, HausbesetzerInnen, Libert\u00e4re, Feministinnen, &#8230; finden in dieser Ausgabe bewegende Informationen.<\/p>\n<p>In der Sommernummer 270 werdet ihr u.a. eine ausf\u00fchrlichere Besch\u00e4ftigung mit dem Themenkomplex <em>Israel\/Pal\u00e4stina<\/em> und ein Interview mit der Anarchafeministin Ilse Schwipper finden.<\/p>\n<p>Und: In GWR 270 erscheint ein vollst\u00e4ndiges Programm unseres 30 Jahre-GWR-Festes.<\/p>\n<p><strong>&#8222;Trau einer \u00fcber 30.<br \/>\n<\/strong><strong>Graswurzelrevolution 1972 &#8211; 2002 ff.<br \/>\n<\/strong><strong>F\u00fcr eine gewaltfreie, herrschaftslose Gesellschaft&#8220;<\/strong><\/p>\n<p>Wer so lange nicht warten will, findet in den n\u00e4chsten Tagen h\u00e4ufig aktualisierte Infos auf unserer Homepage: <strong>www.graswurzel.net.<\/strong><\/p>\n<p>Ein paar Programminfos gibt es schon jetzt:<\/p>\n<p>Das Fest beginnt am Freitag, <strong>21. Juni<\/strong> um <strong>16 Uhr<\/strong> und endet am Sonntag, <strong>23. Juni<\/strong> voraussichtlich um <strong>16 Uhr<\/strong>. Es wird vor allem in und um die <strong>ESG (Breul 43)<\/strong> stattfinden. Allerdings finden aufgrund der gro\u00dfen Zahl der Veranstaltungsangebote dezentral Events zum Teil gleichzeitig\/parallel in verschiedenen Geb\u00e4uden statt.<\/p>\n<h3>&#8222;&#8230;wenn ich nicht tanzen kann, ist es nicht meine Revolution.&#8220;<\/h3>\n<p>So hat es die Anarchistin Emma Goldman einmal formuliert. Und wer tanzen m\u00f6chte, der\/dem bietet sich bei unserem Fest dazu die Gelegenheit.<\/p>\n<p>Es spielen z.B. das <strong>Duo Contraviento <\/strong>(Isabel Lipthay\/Martin Firgau, Folk), <strong>Pit Budde<\/strong> von der legend\u00e4ren Anarchofolkband <strong>Cochise<\/strong>, der &#8222;Anarcho-Barde&#8220; <strong>Baxi<\/strong>, die Folkrockband <strong>Fargo<\/strong>, <strong>Klaus der Geiger<\/strong> und <strong>Fromage Diatonique<\/strong> (Bal Folk).<\/p>\n<p>Wer Lust hat auf schnelle, melodi\u00f6se Rockmusik, dem\/der seien die Konzerte empfohlen, die voraussichtlich am Samstag in der <em>Baracke<\/em> am Aasee stattfinden werden: <strong>Petrograd<\/strong> aus Luxemburg spielen wie auch <strong>Daddy Longleg<\/strong> melodischen Hardcore. Die Musik von <strong>Schone deine Erben<\/strong> steht in der Tradition von Ton Steine Scherben.<\/p>\n<p>Die FreundInnen libert\u00e4rer Lyrik k\u00f6nnen sich freuen auf <strong>Brunelleschi Bong<\/strong> (Lyriks &amp; Bass) und auf das Netzwerk libert\u00e4rer LyrikerInnen <strong>Fraktal<\/strong>: <strong>Jokkl, Michael Halfbrodt, Ralf Burnicki, Mouna Rappolt, <\/strong>u.a.<\/p>\n<p>In der ehemals besetzten <em>Frauenstr. 24<\/em> pr\u00e4sentiert das anarchistische <strong>Kabarett<\/strong>ensemble <strong>Der Blarze Schwock <\/strong>sein neuestes Programm.<\/p>\n<p>Angeboten werden viele <strong>Veranstaltungen, Arbeitskreise <\/strong>und <strong>Vortr\u00e4ge<\/strong>, zum Beispiel:<\/p>\n<p><strong>Roberta Bacic<\/strong> (War Resisters International, London) berichtet am Freitag \u00fcber &#8222;<strong>Chile<\/strong>&#8222;. <strong>Johanna Hellkerns<\/strong> bietet einen Arbeitskreis an zu &#8222;<strong>Louise Michel; Anarchismus und Feminismus<\/strong>&#8222;. <strong>Alfred Schobert<\/strong> vom Duisburger Institut f\u00fcr Sprach- und Sozialforschung beleuchtet &#8222;<strong>Deutsche Normalisierung und Krieg<\/strong>&#8222;. <strong>Uli Klemm<\/strong> bietet am Samstag ab 20.30 Uhr einen AK zu &#8222;<strong>Anarchisten als P\u00e4dagogen<\/strong>&#8220; an. <strong>Uwe Kurzbein<\/strong> u.a. KommunardInnen berichten in ihrem Arbeitskreis &#8222;<strong>Signale aus der Nische: Kommunen<\/strong>&#8220; \u00fcber das Leben in alternativen Wohnprojekten. <strong>Tobias Pfl\u00fcger<\/strong> (IMI T\u00fcbingen) wirft am Freitag einen Blick auf &#8222;<strong>Die neue Bundeswehr und den &#8218;Krieg gegen den Terror&#8216;<\/strong>&#8222;. <strong>Helga &amp; Wolfgang Weber Zucht<\/strong> erz\u00e4hlen <strong>Geschichte(n) der graswurzelrevolution<\/strong> und ihrer 1965\/66 erschienenen Vorg\u00e4ngerin <strong>Direkte Aktion<\/strong>. <strong>Clemens Ronnefeld<\/strong> (Vers\u00f6hnungsbund) bietet eine Veranstaltung zum <strong>&#8222;Irak&#8220;<\/strong> an. <strong>Bernd Dr\u00fccke<\/strong>: &#8222;<strong>Geschichte(n) und Perspektiven libert\u00e4rer Gegen\u00f6ffentlichkeit<\/strong>&#8222;. <strong>Annette &amp; Michael Schiffmann<\/strong> bieten einen &#8222;<strong>Mumia Abu-Jamal<\/strong>&#8222;-Arbeitskreis an. Zur\u00fcck aus Mexiko berichten <strong>Dorit Siemers<\/strong> und <strong>Luz Kerkeling<\/strong> (Gruppe BASTA) \u00fcber <strong>Chiapas<\/strong> (Reiseberichte, Analysen, Perspektiven).<\/p>\n<p><strong>Edo Schmidt<\/strong> macht einen Arbeitskreis zum Thema &#8222;<strong>Demokratische Propaganda<\/strong>&#8222;. GWR-Mitbegr\u00fcnder <strong>Wolfgang Hertle<\/strong> bietet einen &#8222;<strong>15 Jahre Archiv Aktiv<\/strong>&#8222;-AK an und bringt Zeitungen und Fotos zur Geschichte der GWR mit.<\/p>\n<p><strong>Markus Beinhauer<\/strong> beleuchtet &#8222;<strong>Geschichte(n) und Perspektiven der Anti-Atom-Bewegung<\/strong>&#8220;<\/p>\n<p>Die <strong>FAU<\/strong> bietet einen Arbeitskreis &#8222;<strong>Globalisierung<\/strong>&#8220; an. <strong>Erich Landrocker<\/strong> bietet Arbeitskreise an zum Themenkomplex &#8222;<strong>M\u00e4nnerbewegung<\/strong>&#8220; und &#8222;<strong>Machtpolitik im Postfordismus: Wie wirkt Gewalt?&#8220;.<\/strong><\/p>\n<p><strong>Lou Marin<\/strong>: I. Film und Diskussion: <strong>Zur Aktualit\u00e4t eines gewaltfreien Klassikers; Martin Luther King<\/strong> Filmdokumentation: <strong>Dann war mein Leben nicht umsonst<\/strong> (ca. 100 Min.) anschl. Diskussion: <strong>Vergleich MLK &#8211; Malcolm X. R\u00fcckblick auf die Sackgassen des Befreiungsnationalismus und der Identit\u00e4tspolitik der 80er und 90er Jahre.<\/strong> Zur Strategie und Taktik bei MLK: Ausspielen der gegnerischen bewaffneten Kr\u00e4fte. Zum utopischen Freiheitsbegriff bei MLK.<\/p>\n<p>Lou Marin: II. <strong>Graswurzelrevolution und neue Bewegung f\u00fcr eine andere Globalisierung<\/strong> Kurzreferat, anschl. Diskussion: &#8211; Entstehungsbedingungen der Bewegung in den 90er Jahren &#8211; Geschichte und Gegenwart der Bewegung, pr\u00e4gende Personen und Organisationen &#8211; Eindr\u00fccke aus Frankreich &#8211; Graswurzelrevolution\u00e4rInnen und gewaltfreie AnarchistInnen in der Bewegung f\u00fcr eine andere Globalisierung. Welche Inhalte k\u00f6nnen wir wie einbringen?<\/p>\n<p>Einen <strong>Workshop<\/strong> zu &#8222;<strong>Neusch\u00f6pfung der Gesellschaft<\/strong>&#8220; gibt es am Samstag. Im Workshop werden nach einer kurzen historischen Einf\u00fchrung einige zentrale Thesen von <strong>Pierre Ramus<\/strong> in Kleingruppen erarbeitet. Ziel davon ist es, hieraus in der abschlie\u00dfenden Diskussion Perspektiven f\u00fcr heute und die Arbeit der n\u00e4chsten Jahre abzuleiten. Vorbereitend k\u00f6nnte jedeR Interessierte die Lesemappe zu <strong>Ferdinand Gro\u00df<\/strong> (f\u00fcr f\u00fcnf Euro bei <strong>Georg Fischer<\/strong>, Tel\/Fax: 06293-79231, e-mail: circampulus@freenet.de zu beziehen.) lesen. Im Workshop werden Papiere verteilt. Das Ergebnis soll schriftlich festgehalten werden.<\/p>\n<h3>Offene Arbeitskreise, &#8230;<\/h3>\n<p><strong>Offenes Mikrophon: &#8222;Mein erstes Mal&#8220; &#8211; die 1. Graswurzelrevolution und wie es dann weiterging. Geschichte der GWR<\/strong><\/p>\n<p>Wer will, kann folgende <strong>Filme <\/strong>sehen: <strong>Was ist Anarchie?\/Marie-Christine &amp; Marianne Enckel<\/strong> (Centre International de Recherches sur l&#8217;Anarchisme, Lausanne) &#8211; Film AG, A-Seminar.<\/p>\n<p>TV-M\u00fcnster: <strong>Graswurzelrevolution &#8211; Ein Interview. <\/strong><\/p>\n<p>In den R\u00e4umen der ESG ist die Ausstellung von <strong>Gabriele Senft<\/strong> &#8222;<strong>Die Br\u00fccke von Vavarin<\/strong>&#8220; zu sehen. Diverse Gruppen und Verlage werden ihre Buch- und Infost\u00e4nde aufbauen.<\/p>\n<p>Alle Kongress-TeilnehmerInnen bekommen einen Plan und einen <strong>GWR-Button<\/strong>, der auch zur Benutzung des <strong>Shuttles<\/strong> (AStA-Bulli) berechtigt.<\/p>\n<p>F\u00fcr das <strong>Essen<\/strong> sorgen die <strong>Vok\u00fc<\/strong> M\u00fcnster und das holl\u00e4ndische K\u00fcchenkollektiv <strong>Rampenlan<\/strong>.<\/p>\n<p>Um kalte <strong>Getr\u00e4nke<\/strong> k\u00fcmmert sich die VVN M\u00fcnster in Zusammenarbeit mit der FAU u.a.<\/p>\n<p>Kaffee\/Tee\/Waffeln: Kaffeefahrt (BUND-Jugend)<\/p>\n<p>Verantwortliche Gruppe f\u00fcr <strong>Kinderbetreuung<\/strong>: Gruppe BASTA, c\/o Infoladen Bankrott, Dahlweg 64, 48153 M\u00fcnster. E-Mail: <a href=\"mailto:gruppeBasta@gmx.de\">gruppeBasta@gmx.de<\/a><\/p>\n<p>Die Eintrittspreise sind gestaffelt und werden beim n\u00e4chsten <strong>\u00fcberregionalen<\/strong> <strong>GWR-Kongress-Vorbereitungstreffen<\/strong> festgelegt, zu dem ihr herzlich eingeladen seid:<strong> 4. Mai 2002<\/strong>, ab <strong>16 Uhr, ESG, Breul 43<\/strong>, Clubraum 1. <strong>Regionale Vorbereitungstreffen<\/strong>: <strong>13. Mai<\/strong> und <strong>10. Juni<\/strong> jeweils ab <strong>20 Uhr<\/strong> im GWR-B\u00fcro.<\/p>\n<p>Die <strong>Plakate zum GWR-Fest<\/strong> werden in den n\u00e4chsten Tagen gedruckt. Wenn Ihr in Euren St\u00e4dten plakatieren wollt, k\u00f6nnt ihr Plakate bestellen bei: Graswurzelwerkstatt, z.Hd. A. Peters, Scharnhorststr. 6, 50733 K\u00f6ln. Fax: 0221\/765889<\/p>\n<p>Wenn ihr Schlafpl\u00e4tze braucht oder anbieten k\u00f6nnt, wendet Euch bitte (am besten per E-Mail) an die <strong>Schlafplatzb\u00f6rse<\/strong>: Umweltzentrum, Scharnhorststr. 57, 48151 M\u00fcnster. Tel.: 0251\/521112, Fax: 5389797, E-Mail: <a href=\"mailto:uwz@muenster.de\">uwz@muenster.de<\/a><\/p>\n<p><strong>Meldet Euch bitte an<\/strong>, damit wir ungef\u00e4hr absch\u00e4tzen k\u00f6nnen wie viele Leute zum Fest kommen. Anmeldungen bitte (mailen, faxen oder schreiben) an die Redaktion Graswurzelrevolution (siehe unten).<\/p>\n<p>Zur Festfinanzierung bitten wir um Eure Spenden und Darlehen auf das <strong>GWR-Kongress-Sonderkonto<\/strong>:<strong> &#8222;Sparkasse M\u00fcnster, Bernd Dr\u00fccke, GWR Kongress, Kto.Nr. 134029909, BLZ 40050150&#8220; <\/strong><\/p>\n<p>Wenn Ihr noch Ideen f\u00fcrs Fest habt, lasst es uns wissen. Es gibt viel zu tun&#8230;<\/p>\n<p>In den n\u00e4chsten Tagen findet Ihr auf unserer Homepage auch h\u00e4ufig aktualisierte Infos zum Fest: <strong>www.graswurzel.net<\/strong><\/p>\n<p>Mit li(e)bert\u00e4ren Gr\u00fc\u00dfen, Euer<\/p>\n","protected":false},"excerpt":{"rendered":"<p>Editorial und Einladung Liebe Leserinnen und Leser, die Ausgabe 269 der graswurzelrevolution hat einen antirassistischen Schwerpunkt. Insbesondere die Beitr\u00e4ge zu den Themen Antisemitismus und deutsche &#8222;Normalisierung&#8220; bieten Diskussionsstoff. Ein Blick \u00fcber den Tellerrand, z.B. nach Frankreich (S. 1, 7), Russland (S. 6\/7), \u00d6sterreich (S.9), Kolumbien (S. 8) und Argentinien (S. 3) erweitert den eigenen Horizont &hellip; <a href=\"https:\/\/www.graswurzel.net\/gwr\/2002\/05\/tanz-auf-dem-wurzelwerk\/\">Weiterlesen<\/a><\/p>\n","protected":false},"author":1,"featured_media":0,"comment_status":"closed","ping_status":"closed","sticky":false,"template":"","format":"standard","meta":{"slim_seo":{"title":"Tanz auf dem Wurzelwerk - graswurzelrevolution","description":"Editorial und Einladung Liebe Leserinnen und Leser, die Ausgabe 269 der graswurzelrevolution hat einen antirassistischen Schwerpunkt. Insbesondere die Beitr\u00e4ge"},"footnotes":""},"categories":[307,1030,59,1042],"tags":[],"class_list":["post-4653","post","type-post","status-publish","format-standard","hentry","category-269-mai-2002","category-es-wird-ein-laecheln-sein","category-graswurzelrevolution","category-ohne-chef-und-staat"],"_links":{"self":[{"href":"https:\/\/www.graswurzel.net\/gwr\/wp-json\/wp\/v2\/posts\/4653","targetHints":{"allow":["GET"]}}],"collection":[{"href":"https:\/\/www.graswurzel.net\/gwr\/wp-json\/wp\/v2\/posts"}],"about":[{"href":"https:\/\/www.graswurzel.net\/gwr\/wp-json\/wp\/v2\/types\/post"}],"author":[{"embeddable":true,"href":"https:\/\/www.graswurzel.net\/gwr\/wp-json\/wp\/v2\/users\/1"}],"replies":[{"embeddable":true,"href":"https:\/\/www.graswurzel.net\/gwr\/wp-json\/wp\/v2\/comments?post=4653"}],"version-history":[{"count":0,"href":"https:\/\/www.graswurzel.net\/gwr\/wp-json\/wp\/v2\/posts\/4653\/revisions"}],"wp:attachment":[{"href":"https:\/\/www.graswurzel.net\/gwr\/wp-json\/wp\/v2\/media?parent=4653"}],"wp:term":[{"taxonomy":"category","embeddable":true,"href":"https:\/\/www.graswurzel.net\/gwr\/wp-json\/wp\/v2\/categories?post=4653"},{"taxonomy":"post_tag","embeddable":true,"href":"https:\/\/www.graswurzel.net\/gwr\/wp-json\/wp\/v2\/tags?post=4653"}],"curies":[{"name":"wp","href":"https:\/\/api.w.org\/{rel}","templated":true}]}}