{"id":6375,"date":"2004-10-01T00:00:49","date_gmt":"2004-09-30T22:00:49","guid":{"rendered":"http:\/\/test.graswurzel.net\/gwr\/?p=6375"},"modified":"2022-07-26T14:15:06","modified_gmt":"2022-07-26T12:15:06","slug":"mit-der-schreibmaschine-an-der-front","status":"publish","type":"post","link":"https:\/\/www.graswurzel.net\/gwr\/2004\/10\/mit-der-schreibmaschine-an-der-front\/","title":{"rendered":"Mit der Schreibmaschine an der Front"},"content":{"rendered":"<p>Am Ende des Spanischen B\u00fcrgerkrieges m\u00fcssen viele so gef\u00fchlt haben: &#8222;Sechsunddrei\u00dfig waren wir ausgezogen, Madrid zu retten und damit dem Weltgeschehen einen von uns erw\u00fcnschten Verlauf zu geben, den Faschismus auf seinem ersten europ\u00e4ischen Schlachtfeld zu schlagen&#8220;, erinnerte sich der Deutsche Theodor Balk, Journalist und Mediziner. &#8222;Neunundrei\u00dfig zogen wir aus, um Barcelona eine Weile zu halten, die Evakuation Kataloniens zu erm\u00f6glichen, den Feind zu schw\u00e4chen, der sich nachher auf Zentralspanien st\u00fcrzen wird.&#8220;<\/p>\n<p>Die Hoffnung, die faschistischen Truppen Francos aufzuhalten, war der bitteren Einsicht gewichen, dass Freiheitsliebe und Solidarit\u00e4t modernen Waffen nicht Stand halten k\u00f6nnen. Der Ruf der republikanischen Truppen &#8222;No Pasaran!&#8220; &#8211; Sie werden nicht durchkommen &#8211; verstummte nach 978 Tagen Krieg: Sie waren durchgekommen.<\/p>\n<p>Nachdem der Krieg im Juli 1936 ausgebrochen war, kamen zehntausende Freiwillige nach Spanien, um die Republik zu verteidigen. Der Kampf der RepublikanerInnen, AnarchistInnen, SozialistInnen und KommunistInnen sowie kollektives Wirtschaften auf republikanischem Gebiet faszinierte SchriftstellerInnen und JournalistInnen, die sich mit ihren Schreibmaschinen ins freie Spanien aufmachten.<\/p>\n<p>In &#8222;Die Kinder von Guernica&#8220; sind Berichte, Reportagen und Erz\u00e4hlungen deutscher SchriftstellerInnen und JournalistInnen verschiedener politischer Couleur gesammelt, z.B. von Augustin Souchy, Paul Thalmann, Anna Seghers, Willy Brandt, Heinrich Mann, Rudolf Leonhard und Egon Erwin Kisch.<\/p>\n<p>Die Texte sind chronologisch geordnet, ohne die Geschehnisse vollst\u00e4ndig zu beschreiben. Es beginnt mit dem Ausbruch des Krieges, der Ankunft von Freiwilligen und ihrem Weg zur Front. Getrieben werden sie von der Hoffnung, dass Franco die Puerta del Sol in Madrid &#8222;nie mehr anders als durch seinen Feldstecher sehen&#8220; werde.<\/p>\n<p>Die AutorInnen erz\u00e4hlen vom Leid und der Armut der Bev\u00f6lkerung, wie Hermann Kesten, der die Bombardierung Guernicas durch deutsche Kampfflieger schildert, den Streitigkeiten innerhalb der Volksfront sowie dem Hass der katholischen Kirche auf die AnarchsitInnen.<\/p>\n<p>Der unersch\u00fctterliche Glauben an Freiheit und das &#8222;No Pasaran!&#8220; wird von Zweifeln geschw\u00e4cht, wie sie Hubertus Prinz zu L\u00f6wenstein nach einem faschistischen Angriff kamen. Beim Anblick der zerst\u00f6rten Stadt habe er gesehen, wof\u00fcr der Krieg in Spanien nur eine Warnung sei: &#8222;Europa \u00fcberw\u00e4ltigt vom kommenden Grauen, und ein Meer von Feuer \u00fcber unseren St\u00e4dten und D\u00f6rfern.&#8220;<\/p>\n<p>Schlie\u00dflich wird die Demobilisierung der Internationalen Brigadistas beschrieben und wie ihnen nur bleibt &#8222;zum letzten Mal zusammen auf freier Erde&#8220; zu stehen.<\/p>\n<p>Die Berichte sind die der Dabeigewesenen, die nicht beschreiben wollen, was nicht sein darf. Manchmal scheinen sich Beobachtung, Verkl\u00e4rung und Gewolltes zu vermischen. Etwa wenn Kisch berichtet, wie die &#8222;Dissimulanten&#8220; in einem Lazarett ihre Verwundungen klein reden und verschweigen, um bald wieder an die Front zu kommen. Trotzdem verlieren die Berichte nicht ihren Wert als Dokumente der Zeitgeschichte.<\/p>\n<p>Auch wenn die Beitr\u00e4ge in dem sorgf\u00e4ltig zusammengestellten Buch in einem Nachwort literarisch, politisch und geschichtlich eingeordnet werden, fehlt als wichtige Information ein genauer Nachweis von Erstpublikationsort und -datum der Texte.<\/p>\n","protected":false},"excerpt":{"rendered":"<p>Am Ende des Spanischen B\u00fcrgerkrieges m\u00fcssen viele so gef\u00fchlt haben: &#8222;Sechsunddrei\u00dfig waren wir ausgezogen, Madrid zu retten und damit dem Weltgeschehen einen von uns erw\u00fcnschten Verlauf zu geben, den Faschismus auf seinem ersten europ\u00e4ischen Schlachtfeld zu schlagen&#8220;, erinnerte sich der Deutsche Theodor Balk, Journalist und Mediziner. &#8222;Neunundrei\u00dfig zogen wir aus, um Barcelona eine Weile zu &hellip; <a href=\"https:\/\/www.graswurzel.net\/gwr\/2004\/10\/mit-der-schreibmaschine-an-der-front\/\">Weiterlesen<\/a><\/p>\n","protected":false},"author":1,"featured_media":0,"comment_status":"closed","ping_status":"closed","sticky":false,"template":"","format":"standard","meta":{"slim_seo":{"title":"Mit der Schreibmaschine an der Front - graswurzelrevolution","description":"Am Ende des Spanischen B\u00fcrgerkrieges m\u00fcssen viele so gef\u00fchlt haben: \"Sechsunddrei\u00dfig waren wir ausgezogen, Madrid zu retten und damit dem Weltgeschehen einen vo"},"footnotes":""},"categories":[390,44,1042],"tags":[],"class_list":["post-6375","post","type-post","status-publish","format-standard","hentry","category-292-oktober-2004","category-bucher","category-ohne-chef-und-staat"],"_links":{"self":[{"href":"https:\/\/www.graswurzel.net\/gwr\/wp-json\/wp\/v2\/posts\/6375","targetHints":{"allow":["GET"]}}],"collection":[{"href":"https:\/\/www.graswurzel.net\/gwr\/wp-json\/wp\/v2\/posts"}],"about":[{"href":"https:\/\/www.graswurzel.net\/gwr\/wp-json\/wp\/v2\/types\/post"}],"author":[{"embeddable":true,"href":"https:\/\/www.graswurzel.net\/gwr\/wp-json\/wp\/v2\/users\/1"}],"replies":[{"embeddable":true,"href":"https:\/\/www.graswurzel.net\/gwr\/wp-json\/wp\/v2\/comments?post=6375"}],"version-history":[{"count":0,"href":"https:\/\/www.graswurzel.net\/gwr\/wp-json\/wp\/v2\/posts\/6375\/revisions"}],"wp:attachment":[{"href":"https:\/\/www.graswurzel.net\/gwr\/wp-json\/wp\/v2\/media?parent=6375"}],"wp:term":[{"taxonomy":"category","embeddable":true,"href":"https:\/\/www.graswurzel.net\/gwr\/wp-json\/wp\/v2\/categories?post=6375"},{"taxonomy":"post_tag","embeddable":true,"href":"https:\/\/www.graswurzel.net\/gwr\/wp-json\/wp\/v2\/tags?post=6375"}],"curies":[{"name":"wp","href":"https:\/\/api.w.org\/{rel}","templated":true}]}}