{"id":7587,"date":"2006-07-01T00:00:57","date_gmt":"2006-06-30T22:00:57","guid":{"rendered":"http:\/\/test.graswurzel.net\/gwr\/?p=7587"},"modified":"2022-07-26T14:14:58","modified_gmt":"2022-07-26T12:14:58","slug":"gegen-das-vergessen","status":"publish","type":"post","link":"https:\/\/www.graswurzel.net\/gwr\/2006\/07\/gegen-das-vergessen\/","title":{"rendered":"Gegen das Vergessen"},"content":{"rendered":"<p>Am 11. Juni 2006 habe ich im Rahmen einer Veranstaltungsreihe des Infoladen Bankrott und der anarchosyndikalistischen Freien ArbeiterInnen Union (FAU M\u00fcnster) einen Vortrag zum Thema &#8222;70 Jahre Spanische Revolution&#8220; gehalten.<\/p>\n<p>Vorab habe ich einem Nachbarn davon erz\u00e4hlt und ihn herzlich eingeladen. Seine Antwort: &#8222;Die Spanische Revolution, das war doch in den 70ern unter Franco, oder?&#8220;<\/p>\n<p>Upps. Mein Nachbar ist \u00d6ko, Hauptschullehrer, politisch gebildet und interessiert. Seine Antwort hat mich verbl\u00fcfft.<\/p>\n<h3>Szenenwechsel<\/h3>\n<p>Nun lese ich den Klappentext von &#8222;DIY. Von Anarchie und Dinosauriern&#8220;, ein Buch, das gerade im libert\u00e4r beeinflussten Unrastverlag erschienen ist. Dort hei\u00dft es u.a.:<\/p>\n<p>&#8222;Wenn du dich f\u00fcr Anarchie interessierst, dann vergiss den Spanischen B\u00fcrgerkrieg und all die alten M\u00e4nner mit ihren langen B\u00e4rten und erm\u00fcdenden Theorietraktaten!&#8220;<\/p>\n<p>\u00d6h\u00f6m. Okay, das Buch ist nicht ganz so schlecht, wie dieser vermeintlich &#8222;provokante&#8220; Artikel der US-amerikanischen AutorInnen (Curious George Brigade u.a.) vermuten l\u00e4sst. Aber der Text sagt einiges aus \u00fcber Ignoranz, Borniertheit, einen in libert\u00e4ren Kreisen offenbar weit verbreiteten Tunnelblick. Die DIY-AutorInnen sind offenbar kaum in der Lage, \u00fcber den eigenen Szene-Horizont hinaus zu schauen. Denn sonst h\u00e4tte ihnen bewusst sein m\u00fcssen, dass die meisten Menschen \u00fcber die Spanische Revolution und den B\u00fcrgerkrieg soviel wissen wie mein Nachbar, n\u00e4mlich nichts. Und wo nichts ist, da kann auch nichts vergessen werden.<\/p>\n<p>Ganz im Gegenteil. Angesichts des geringen Bekanntheitsgrades, der \u00fcblichen Geschichtsverdrehung und der gro\u00dfen Forschungsl\u00fccken, die es in diesem Zusammenhang gibt, m\u00fcsste es eine Aufgabe der libert\u00e4ren Bewegung sein, die Geschichte der Sozialen Revolution 1936 und des Spanischen B\u00fcrgerkriegs bekannt zu machen und selbst weiter zu erforschen.<\/p>\n<p>Zweifellos haben auch Walther L. Bernecker und andere WissenschaftlerInnen wichtige Forschungsergebnisse zur Sozialen Revolution in Spanien beigesteuert. ((1))<\/p>\n<p>F\u00fcr viele demokratisch orientierte SpanienforscherInnen war aber der Spanische B\u00fcrgerkrieg, der bis zum Sieg der Franco-Faschisten 1939 bis zu 500.000 Menschen das Leben kostete, in erster Linie ein Vorspiel des Zweiten Weltkriegs, in dem der Kampf zwischen Faschismus und b\u00fcrgerlicher Demokratie vorweg genommen wurde.<\/p>\n<p>Etwas Entscheidendes kehren auch sie gerne unter den Teppich: Die Bew\u00e4hrung in der Praxis und die konstruktiven Errungenschaften einer dem Kapitalismus und dem etatistischen Sozialismus kontr\u00e4ren Gesellschaftsform, die unter B\u00fcrgerkriegsbedingungen zeigen konnte, dass sie produktiver und menschengerechter als die Herrschaft von Staat, Kapital, B\u00fcrokratie und Klerus ist: der libert\u00e4re Sozialismus.<\/p>\n<p>Mit 1,5 Millionen Mitgliedern war 1936 die anarchosyndikalistische Gewerkschaft CNT [Confederaci\u00f3n Nacional del Trabajo, zu deutsch etwa \u201aNationale F\u00f6deration der Arbeit(erInnen)&#8216;] die gr\u00f6\u00dfte politische Kraft in Spanien. \u00dcber die w\u00e4hrend der Revolution in Barcelona vor allem unter Federf\u00fchrung der CNT vollzogenen Kollektivierungen berichtet u.a. der deutsche Anarchist und Spanienk\u00e4mpfer Augustin Souchy ((2)). Alle Wirtschaftszweige wurden kollektiviert und die Versorgung der Stadt mit Lebensmitteln von der Gewerkschaft der Nahrungsmittelindustrie \u00fcbernommen. &#8222;Vierzehn Tage lebte man in Barcelona ohne Geld. Die Bev\u00f6lkerung wurde in \u00f6ffentlichen Speisehallen von den Gewerkschaften gratis ausgespeist&#8220;, so Souchy. Die Wirtschaft wurde nach sozialistischen Gesichtspunkten sozialisiert, Kleingewerbetreibende schlossen sich in einem gewerkschaftlichen Produktionsverband zusammen, der ihre L\u00f6hne zahlte, unrentable Unternehmen wurden niedergelegt oder mit anderen zusammengeschlossen. Die allgemeinen L\u00f6hne wurden erh\u00f6ht, die hohen unproduktiven Geh\u00e4lter der Direktoren abgeschafft. Die Verkehrsbetriebe wurden von den Arbeiterinnen und Arbeitern in Selbstverwaltung betrieben, die Abschaffung der Direktoren und deren Geh\u00e4lter hatte zur Folge, dass die L\u00f6hne der arbeitenden Menschen erh\u00f6ht, die Fahrpreise und die Arbeitszeit gesenkt werden konnten. Insgesamt funktionierte das Verkehrswesen nach der Kollektivierung, auch aufgrund einer Reduzierung des Verwaltungsaufwandes, besser als vor der Revolution. Auf dem Land, vor allem in Arag\u00f3n, Katalonien, in der Levante und Kastilien wurde ebenfalls kollektiviert. Die b\u00e4uerlichen Gewerkschaftsorganisationen der CNT und UGT hatten sich auf eine genossenschaftliche Bewirtschaftung des Landes und auf die Freiwilligkeit der Beteiligten verst\u00e4ndigt.<\/p>\n<p>Der &#8222;kurze Sommer der Anarchie&#8220; 1936 war die Realisierung libert\u00e4rer Utopien, das bis heute gr\u00f6\u00dfte Projekt sozialer Befreiung.<\/p>\n<p>Die in GWR Nr. <a href=\"\/310\/\">310<\/a> und <a href=\"\/311\/\">311<\/a> erschienenen Artikel zum Schwerpunktthema &#8222;70 Jahre Spanische Revolution&#8220; skizzieren dieses Experiment sozialer Emanzipation und die Schwierigkeiten, an denen es letztlich gescheitert war. Eine in den n\u00e4chsten Ausgaben der GWR noch in Angriff zu nehmende Aufgabe ist die Analyse der problematischen Entwicklungen von Teilen des spanischen Anarchosyndikalismus: Militarisierung, B\u00fcrokratisierung, Hierarchien, Machismo, Beteiligung an der Regierung, weit verbreitete Homophobie, &#8230;<\/p>\n<p>Wer heute die Welt ver\u00e4ndern will, kann aus der (libert\u00e4ren) Geschichte, aus den gro\u00dfartigen sozialen Leistungen, die die anarchistische Massenbewegung in Spanien vollbracht hat, aber auch aus den damals gemachten Fehlern lernen.<\/p>\n","protected":false},"excerpt":{"rendered":"<p>Am 11. Juni 2006 habe ich im Rahmen einer Veranstaltungsreihe des Infoladen Bankrott und der anarchosyndikalistischen Freien ArbeiterInnen Union (FAU M\u00fcnster) einen Vortrag zum Thema &#8222;70 Jahre Spanische Revolution&#8220; gehalten. Vorab habe ich einem Nachbarn davon erz\u00e4hlt und ihn herzlich eingeladen. Seine Antwort: &#8222;Die Spanische Revolution, das war doch in den 70ern unter Franco, oder?&#8220; &hellip; <a href=\"https:\/\/www.graswurzel.net\/gwr\/2006\/07\/gegen-das-vergessen\/\">Weiterlesen<\/a><\/p>\n","protected":false},"author":1,"featured_media":0,"comment_status":"closed","ping_status":"closed","sticky":false,"template":"","format":"standard","meta":{"slim_seo":{"title":"Gegen das Vergessen - graswurzelrevolution","description":"Am 11. Juni 2006 habe ich im Rahmen einer Veranstaltungsreihe des Infoladen Bankrott und der anarchosyndikalistischen Freien ArbeiterInnen Union (FAU M\u00fcnster) e"},"footnotes":""},"categories":[452,1042],"tags":[],"class_list":["post-7587","post","type-post","status-publish","format-standard","hentry","category-311-sommer-2006","category-ohne-chef-und-staat"],"_links":{"self":[{"href":"https:\/\/www.graswurzel.net\/gwr\/wp-json\/wp\/v2\/posts\/7587","targetHints":{"allow":["GET"]}}],"collection":[{"href":"https:\/\/www.graswurzel.net\/gwr\/wp-json\/wp\/v2\/posts"}],"about":[{"href":"https:\/\/www.graswurzel.net\/gwr\/wp-json\/wp\/v2\/types\/post"}],"author":[{"embeddable":true,"href":"https:\/\/www.graswurzel.net\/gwr\/wp-json\/wp\/v2\/users\/1"}],"replies":[{"embeddable":true,"href":"https:\/\/www.graswurzel.net\/gwr\/wp-json\/wp\/v2\/comments?post=7587"}],"version-history":[{"count":0,"href":"https:\/\/www.graswurzel.net\/gwr\/wp-json\/wp\/v2\/posts\/7587\/revisions"}],"wp:attachment":[{"href":"https:\/\/www.graswurzel.net\/gwr\/wp-json\/wp\/v2\/media?parent=7587"}],"wp:term":[{"taxonomy":"category","embeddable":true,"href":"https:\/\/www.graswurzel.net\/gwr\/wp-json\/wp\/v2\/categories?post=7587"},{"taxonomy":"post_tag","embeddable":true,"href":"https:\/\/www.graswurzel.net\/gwr\/wp-json\/wp\/v2\/tags?post=7587"}],"curies":[{"name":"wp","href":"https:\/\/api.w.org\/{rel}","templated":true}]}}