{"id":7762,"date":"2006-12-01T00:00:26","date_gmt":"2006-11-30T22:00:26","guid":{"rendered":"http:\/\/test.graswurzel.net\/gwr\/?p=7762"},"modified":"2012-06-24T15:07:38","modified_gmt":"2012-06-24T13:07:38","slug":"der-widerstand-lebt","status":"publish","type":"post","link":"https:\/\/www.graswurzel.net\/gwr\/2006\/12\/der-widerstand-lebt\/","title":{"rendered":"Der Widerstand lebt"},"content":{"rendered":"<p><strong>Liebe Leserinnen und Leser,<\/strong><\/p>\n<p>im November demonstrierten Tausende gegen den zehnten Castortransport ins Gorlebener Zwischenlager. Der Widerstand gegen die Atommafia ist nicht tot zu kriegen. Grund genug f\u00fcr einen R\u00fcckblick und einen Anti-Atom-Schwerpunkt (S. 5ff.). Dabei informieren unsere AutorInnen auch \u00fcber die &#8222;Kampagne Atomausstieg selber machen&#8220;, \u00fcber das Atomm\u00fclllager ASSE II, \u00fcber den gemeinsamen Kampf von russischen und deutschen Anti-Atom-AktivistInnen gegen Urantransporte von Gronau nach Russland, \u00fcber den erfolgreichen Widerstand gegen den Bau eines Atomkraftwerks im bulgarischen Belene, &#8230;<\/p>\n<p>Ein weiterer Schwerpunkt dieser Ausgabe ist Antimilitarismus. J\u00fcrgen Wagner von der Informationsstelle Militarisierung (IMI T\u00fcbingen) analysiert die NATO-Kriegspolitik in Afghanistan (S. 1, 8), Sebastian U. Kalicha von der \u00f6sterreichischen <em>Gruppe Cora<\/em> reflektiert seine Erlebnisse mit gewaltfreien und libert\u00e4ren Gruppen in Israel\/Pal\u00e4stina (S. 1, 9), und Ex-GWR-Redakteur Andreas Speck (WRI London) beleuchtet die Menschenrechtsverletzungen gegen Kriegsdienstverweigerer und AntimilitaristInnen in Russland (S. 11). Neben der aktuellen &#8222;Ehrenliste der Gefangenen f\u00fcr den Frieden&#8220; (S. 10), kommen auch Themen wie die &#8222;Zivile, gewaltfreie Konfliktbearbeitung im Ausland&#8220; (S. 19), das neue &#8222;Wei\u00dfbuch&#8220; und die Pl\u00e4ne der Gro\u00dfen Koalition f\u00fcr einen Bundeswehreinsatz im Innern (S. 4) auf die Agenda.<\/p>\n<p>Die Rebellion im mexikanischen Oaxaca (S. 3) ist ebenso Thema der GWR 314 wie die Lateinamerika-Berichterstattung der <em>Neuen Z\u00fcricher Zeitung<\/em> (&#8222;H\u00fcpfende Peronisten&#8220;, S. 18), der &#8222;Hei\u00dfe Herbst in Ungarn&#8220; (S. 5), die Ausstellung &#8222;NS-Euthanasie im Land Salzburg&#8220; (S. 4) und die Kampagne gegen Totalprotokollierung der Telekommunikation (S. 4).<\/p>\n<p>Lesenswert sind u.a. auch die Nachrufe auf die Friedensaktivistin Solange Fernex und den Antifaschisten Peter Gingold (S. 16 f.). Letzterer war Kommunist, aber auch ein eifriger Leser der <em>Graswurzelrevolution<\/em>. Ich bin froh, dass ich diesen beeindruckenden und lebensfrohen Antifaschisten noch kennen lernen durfte.<\/p>\n<p>Der Bericht \u00fcber die Abschiebung einer Familie nach Sri Lanka (S. 1 f.) treibt einem die Tr\u00e4nen in die Augen. Wandelt Wut und Trauer in Widerstand: Bleiberecht f\u00fcr alle!<\/p>\n<p>Ankn\u00fcpfend an die letzten Ausgaben vertiefen wir auch unsere Besch\u00e4ftigung mit dem Thema Spanischer B\u00fcrgerkrieg. In diesem Zusammenhang wird die Erinnerung an das widerst\u00e4ndige Leben des Wuppertaler Spanienk\u00e4mpfers Helmut Kirschey wachgehalten (S. 14) und ein Blick auf das &#8222;Gesetz der Erinnerung&#8220; im heutigen Spanien geworfen (S. 15). Ein H\u00f6hepunkt ist der R\u00fcckblick auf die Kontroverse von Louis Mercier und Simone Weil \u00fcber die Frage der Gewalt in der Spanischen Revolution 1936 (S. 12 f.). Wir d\u00fcrfen gespannt sein auf die Fortsetzungen, die in GWR 315 und GWR 316 erscheinen werden.<\/p>\n<p>Wer die in jeder GWR erscheinenden LeserInnenbriefe (S. 19) liest, wird feststellen, dass unser kleines Blatt immer wieder hei\u00dfe Diskussionen entfacht. Das freut uns. Damit das so bleiben kann, bitten wir Euch um Spenden (siehe Spendenaufruf Seite 20).<\/p>\n<p>Li(e)bert\u00e4re Gr\u00fc\u00dfe,<\/p>\n","protected":false},"excerpt":{"rendered":"<p>Liebe Leserinnen und Leser, im November demonstrierten Tausende gegen den zehnten Castortransport ins Gorlebener Zwischenlager. Der Widerstand gegen die Atommafia ist nicht tot zu kriegen. Grund genug f\u00fcr einen R\u00fcckblick und einen Anti-Atom-Schwerpunkt (S. 5ff.). Dabei informieren unsere AutorInnen auch \u00fcber die &#8222;Kampagne Atomausstieg selber machen&#8220;, \u00fcber das Atomm\u00fclllager ASSE II, \u00fcber den gemeinsamen Kampf &hellip; <a href=\"https:\/\/www.graswurzel.net\/gwr\/2006\/12\/der-widerstand-lebt\/\">Weiterlesen<\/a><\/p>\n","protected":false},"author":1,"featured_media":0,"comment_status":"closed","ping_status":"closed","sticky":false,"template":"","format":"standard","meta":{"slim_seo":{"title":"Der Widerstand lebt - graswurzelrevolution","description":"Liebe Leserinnen und Leser, im November demonstrierten Tausende gegen den zehnten Castortransport ins Gorlebener Zwischenlager. Der Widerstand gegen die Atommaf"},"footnotes":""},"categories":[463,59],"tags":[],"class_list":["post-7762","post","type-post","status-publish","format-standard","hentry","category-314-dezember-2006","category-graswurzelrevolution"],"_links":{"self":[{"href":"https:\/\/www.graswurzel.net\/gwr\/wp-json\/wp\/v2\/posts\/7762","targetHints":{"allow":["GET"]}}],"collection":[{"href":"https:\/\/www.graswurzel.net\/gwr\/wp-json\/wp\/v2\/posts"}],"about":[{"href":"https:\/\/www.graswurzel.net\/gwr\/wp-json\/wp\/v2\/types\/post"}],"author":[{"embeddable":true,"href":"https:\/\/www.graswurzel.net\/gwr\/wp-json\/wp\/v2\/users\/1"}],"replies":[{"embeddable":true,"href":"https:\/\/www.graswurzel.net\/gwr\/wp-json\/wp\/v2\/comments?post=7762"}],"version-history":[{"count":0,"href":"https:\/\/www.graswurzel.net\/gwr\/wp-json\/wp\/v2\/posts\/7762\/revisions"}],"wp:attachment":[{"href":"https:\/\/www.graswurzel.net\/gwr\/wp-json\/wp\/v2\/media?parent=7762"}],"wp:term":[{"taxonomy":"category","embeddable":true,"href":"https:\/\/www.graswurzel.net\/gwr\/wp-json\/wp\/v2\/categories?post=7762"},{"taxonomy":"post_tag","embeddable":true,"href":"https:\/\/www.graswurzel.net\/gwr\/wp-json\/wp\/v2\/tags?post=7762"}],"curies":[{"name":"wp","href":"https:\/\/api.w.org\/{rel}","templated":true}]}}