{"id":7885,"date":"2007-01-01T00:00:01","date_gmt":"2006-12-31T22:00:01","guid":{"rendered":"http:\/\/test.graswurzel.net\/gwr\/?p=7885"},"modified":"2022-07-26T14:24:22","modified_gmt":"2022-07-26T12:24:22","slug":"3-anarchietage-in-winterthur","status":"publish","type":"post","link":"https:\/\/www.graswurzel.net\/gwr\/2007\/01\/3-anarchietage-in-winterthur\/","title":{"rendered":"3. Anarchietage in Winterthur"},"content":{"rendered":"<p>Hallo zusammen,<\/p>\n<p>wir freuen uns, euch das Programm f\u00fcr die dritten Anarchietage im schweizerischen Winterthur (31.1.- 11.2.07) vorstellen zu d\u00fcrfen.<\/p>\n<p>Insgesamt zw\u00f6lf Veranstaltungen zu Themen wie Open-Source-Software oder Medienaktivismus, Demokratiekritik oder die &#8222;Evolution der Kooperation&#8220; decken ein breites Spektrum traditioneller und aktueller libert\u00e4rer Ans\u00e4tze ab. Die Referentinnen und Referenten befassen sich oft schon seit Jahren mit ihren jeweiligen Vortragsthemen, was nicht nur spannende Unterhaltung, sondern auch fundierte, engagierte und nicht zuletzt konstruktive Diskussionen verspricht.<\/p>\n<p>Die Veranstaltungen richten sich aber nicht (nur) an ein &#8222;Fachpublikum&#8220;, sondern an alle interessierten Menschen.<\/p>\n<p>Die in der Deutschschweiz einzigartigen Anarchietage sollen gerade auch denjenigen offen stehen, die sich f\u00fcr libert\u00e4res Gedankengut erw\u00e4rmen k\u00f6nnen, jedoch bis jetzt noch nicht die M\u00f6glichkeit hatten, sich umfassend mit diesem weiten und teilweise un\u00fcbersichtlichen Themenfeld zu befassen. Viele Referate sind daher ausdr\u00fccklich praxisbezogen, was die Zug\u00e4nglichkeit zu den einzelnen Themen nochmals erheblich erleichtert.<\/p>\n<p>Dank der zentralen Lage des Veranstaltungsortes (Nord-S\u00fcd-Haus, Steinberggasse 18) und des jeweiligen -beginns (20 Uhr (12 Uhr am So, 4.2.)) sollte es auch f\u00fcr Menschen, die nicht in der Region Winterthur wohnen, m\u00f6glich sein, die Anarchietage zu besuchen.<\/p>\n<p>Das genaue Programm der Anarchietage findet ihr unter <a href=\"http:\/\/www.arachnia.ch\/etomite\/index.php?id=213\">http:\/\/www.arachnia.ch\/etomite\/index.php?id=213<\/a><\/p>\n<p>Hintergrundinformationen zu den einzelnen Veranstaltungen werden in den n\u00e4chsten Wochen aufgeschaltet, ein Reader wird bei Erscheinen der Graswurzelrevolution Nr. 315 (Januar 2007) erh\u00e4ltlich sein.<\/p>\n<p>Mit li(e)bert\u00e4ren Gr\u00fcssen<\/p>\n<p><strong>Libert\u00e4re Aktion Winterthur LAW<\/strong><\/p>\n<h3>Programm der 3. Anarchietage in Winterthur<\/h3>\n<p>Die Veranstaltungen finden jeweils um 20 Uhr (Ausnahme Sonntag 4.2.) im Nord-S\u00fcd Haus an der Steinberggasse 18 statt.<\/p>\n<p>Lageplan siehe <a href=\"http:\/\/www.law.ch.vu\/\">http:\/\/www.law.ch.vu\/<\/a><\/p>\n<h4>Mittwoch 31. Januar 07 &#8211; 20h<\/h4>\n<p><strong>&#8222;Zigeuner&#8220; im Faschismus &#8211; Die Vernichtung der Roma und Sinti w\u00e4hrend des NS<br \/>\n<\/strong>Paolo Finzi, A-Rivista, Film &amp; Referat<br \/>\nInfos: <a href=\"http:\/\/www.anarca-bolo.ch\/a-rivista\/\">http:\/\/www.anarca-bolo.ch\/a-rivista\/<\/a><\/p>\n<h4>Donnerstag 1. Februar 07 &#8211; 20h<\/h4>\n<p><strong>Libert\u00e4re Bewegung im Tessin<br \/>\n<\/strong>Circolo Carlo Vanza, Diskussion mit Einf\u00fchrung<br \/>\nInfos: <a href=\"http:\/\/www.anarca-bolo.ch\/vanza\/\">http:\/\/www.anarca-bolo.ch\/vanza\/<\/a><\/p>\n<h4>Freitag 2. Februar 07 &#8211; 20h<\/h4>\n<p><strong>Die Evolution der Kooperation &#8211; Neue Erkenntnis zu Kropotkins &#8222;Gegenseitige Hilfe&#8220; und der M\u00f6glichkeit, Anarchismus mathematisch zu beweisen. Daniel Korth<\/strong><br \/>\nPraxisbezogener Vortrag &amp; Diskussion<br \/>\nInfo: <a href=\"www.arachnia.ch\/etomite\/index.php?id=216\">www.arachnia.ch\/etomite\/index.php?id=216<\/a><\/p>\n<h4>Samstag 3. Februar 07 &#8211; 20h<\/h4>\n<p><strong>Libert\u00e4re Presse und Medienaktivismus am Beispiel der Zeitschrift Graswurzelrevolution<br \/>\n<\/strong>Dr. Bernd Dr\u00fccke, Koordinationsredakteur der Graswurzelrevolution, Vortrag und Diskussion<br \/>\nInfos: <a href=\"http:\/\/www.arachnia.ch\/etomite\/index.php?id=217\">http:\/\/www.arachnia.ch\/etomite\/index.php?id=217<\/a><\/p>\n<h4>Sonntag 4. Februar 07, 12h (!)<\/h4>\n<p><strong>Kirchenverfolgung w\u00e4hrend der Spanischen Revolution<br \/>\n<\/strong>Martin Baxmeyer, Vortrag und Diskussion<br \/>\nInfos: <a href=\"http:\/\/www.law.ch.vu\/\">http:\/\/www.law.ch.vu\/<\/a><\/p>\n<h4>Montag 5. Februar 07 &#8211; 20h<\/h4>\n<p><strong>&#8222;5 Fabriken &#8211; Arbeiterkontrolle in Venezuela&#8220;<br \/>\n<\/strong>Ein Film von Dario Azzellini und Oliver Ressler mit anschlie\u00dfender Diskussion<br \/>\nInfos: <a href=\"http:\/\/www.arachnia.ch\/etomite\/index.php?id=218\">http:\/\/www.arachnia.ch\/etomite\/index.php?id=218<\/a><\/p>\n<h4>Dienstag 6. Februar 07 &#8211; 20h<\/h4>\n<p><strong>&#8222;die der das gl\u00fcckliche engel&#8220; Ein Queer-trash-M\u00e4rchen \u00fcber die Sehns\u00fcchte im Alltag verschiedener Wesen<br \/>\n<\/strong>S\u00fcndikat, Film mit anschlie\u00dfender Diskussion<br \/>\nInfos: <a href=\"http:\/\/www.suendikat.ch\/\">http:\/\/www.suendikat.ch\/<\/a><\/p>\n<h4>Mittwoch 7. Februar 07 &#8211; 20h<\/h4>\n<p><strong>Die Alternative Libertaire im Elsass und die Proteste gegen die Einf\u00fchrung des &#8222;Ersteinstellungsvertrags&#8220; (CPE) in Frankreich 2006.<br \/>\n<\/strong>Alternative Libertaire Alsace, Vortrag und Diskussion<br \/>\nInfos: <a href=\"http:\/\/alternativelibertaire.org\/\">http:\/\/alternativelibertaire.org\/<\/a><\/p>\n<h4>Donnerstag 8. Februar 07 &#8211; 20h<\/h4>\n<p><strong>Open Source &#8211; Computer Workshop<\/strong><\/p>\n<h4>Freitag 9. Februar 07 &#8211; 20h<\/h4>\n<p><strong>Kritk an Demokratie und Volk &#8211; &#8222;Demokratie. Die Herrschaft des Volkes. Eine Abrechnung&#8220;<br \/>\n<\/strong>J\u00f6rg Bergstedt, Buchvorstellung und Diskussion<br \/>\nInfos: <a href=\"http:\/\/www.arachnia.ch\/etomite\/index.php?id=219\">http:\/\/www.arachnia.ch\/etomite\/index.php?id=219<\/a><\/p>\n<h4>Samstag 10. Februar 07 &#8211; 20h<\/h4>\n<p><strong>&#8222;Ist der Anarchismus noch zu retten?&#8220;<br \/>\n<\/strong>Horst Stowasser, Lesung &amp; Referat mit anschlie\u00dfender Diskussion<br \/>\nInfos: <a href=\"http:\/\/www.arachnia.ch\/etomite\/index.php?id=220\">http:\/\/www.arachnia.ch\/etomite\/index.php?id=220<\/a><\/p>\n<h4>Sonntag 11. Februar 07 &#8211; 20h<\/h4>\n<p><strong>Anarchistische Projekte &#8211; Erfahrungen zwischen Euphorie und Scheitern<br \/>\n<\/strong>Horst Stowasser, Offener Workshop<\/p>\n","protected":false},"excerpt":{"rendered":"<p>Hallo zusammen, wir freuen uns, euch das Programm f\u00fcr die dritten Anarchietage im schweizerischen Winterthur (31.1.- 11.2.07) vorstellen zu d\u00fcrfen. Insgesamt zw\u00f6lf Veranstaltungen zu Themen wie Open-Source-Software oder Medienaktivismus, Demokratiekritik oder die &#8222;Evolution der Kooperation&#8220; decken ein breites Spektrum traditioneller und aktueller libert\u00e4rer Ans\u00e4tze ab. Die Referentinnen und Referenten befassen sich oft schon seit Jahren &hellip; <a href=\"https:\/\/www.graswurzel.net\/gwr\/2007\/01\/3-anarchietage-in-winterthur\/\">Weiterlesen<\/a><\/p>\n","protected":false},"author":1,"featured_media":0,"comment_status":"closed","ping_status":"closed","sticky":false,"template":"","format":"standard","meta":{"slim_seo":{"title":"3. Anarchietage in Winterthur - graswurzelrevolution","description":"Hallo zusammen, wir freuen uns, euch das Programm f\u00fcr die dritten Anarchietage im schweizerischen Winterthur (31.1.- 11.2.07) vorstellen zu d\u00fcrfen. Insgesamt zw"},"footnotes":""},"categories":[465,1042],"tags":[],"class_list":["post-7885","post","type-post","status-publish","format-standard","hentry","category-315-januar-2007","category-ohne-chef-und-staat"],"_links":{"self":[{"href":"https:\/\/www.graswurzel.net\/gwr\/wp-json\/wp\/v2\/posts\/7885","targetHints":{"allow":["GET"]}}],"collection":[{"href":"https:\/\/www.graswurzel.net\/gwr\/wp-json\/wp\/v2\/posts"}],"about":[{"href":"https:\/\/www.graswurzel.net\/gwr\/wp-json\/wp\/v2\/types\/post"}],"author":[{"embeddable":true,"href":"https:\/\/www.graswurzel.net\/gwr\/wp-json\/wp\/v2\/users\/1"}],"replies":[{"embeddable":true,"href":"https:\/\/www.graswurzel.net\/gwr\/wp-json\/wp\/v2\/comments?post=7885"}],"version-history":[{"count":0,"href":"https:\/\/www.graswurzel.net\/gwr\/wp-json\/wp\/v2\/posts\/7885\/revisions"}],"wp:attachment":[{"href":"https:\/\/www.graswurzel.net\/gwr\/wp-json\/wp\/v2\/media?parent=7885"}],"wp:term":[{"taxonomy":"category","embeddable":true,"href":"https:\/\/www.graswurzel.net\/gwr\/wp-json\/wp\/v2\/categories?post=7885"},{"taxonomy":"post_tag","embeddable":true,"href":"https:\/\/www.graswurzel.net\/gwr\/wp-json\/wp\/v2\/tags?post=7885"}],"curies":[{"name":"wp","href":"https:\/\/api.w.org\/{rel}","templated":true}]}}