{"id":8414,"date":"2007-11-01T00:00:38","date_gmt":"2007-10-31T22:00:38","guid":{"rendered":"http:\/\/test.graswurzel.net\/gwr\/?p=8414"},"modified":"2022-07-26T14:24:17","modified_gmt":"2022-07-26T12:24:17","slug":"anarchismus-in-costa-rica","status":"publish","type":"post","link":"https:\/\/www.graswurzel.net\/gwr\/2007\/11\/anarchismus-in-costa-rica\/","title":{"rendered":"Anarchismus in Costa Rica"},"content":{"rendered":"<p><strong>Graswurzelrevolution (GWR): Bitte stell Dich den Leser_innen vor. Wer bist Du, was machst Du?<\/strong><\/p>\n<p><strong>Erland:<\/strong> Mein Name ist Erland und ich arbeite in dem kleinen Kollektiv &#8222;Kolectivo Autogestionario Libertario&#8220; (Selbstbestimmtes libert\u00e4res Kollektiv). Es hat 10 Mitglieder. Wir machen verschiedenste Sachen, aber ich denke, das wichtigste ist unser Fanzine <em>Re-Axion<\/em>, weil es uns die M\u00f6glichkeit gibt unsere Positionen in die \u00d6ffentlichkeit zu tragen. Im Moment machen wir viel zum TLC &#8211; dem Freihandelsabkommen mit den USA.<\/p>\n<p><strong>GWR: Wie siehst Du die anarchistische Bewegung in Costa Rica im Moment?<\/strong><\/p>\n<p><strong>W\u00e4chst sie ? Kannst Du uns was zu den verschiedenen Organisationen sagen?<\/strong><\/p>\n<p><strong>Erland:<\/strong> Die anarchistische Bewegung ist in Costa Rica relativ klein, aber wir machen das Beste draus. Ich denke, die Bewegung w\u00e4chst, allerdings qualitativ und nicht quantitativ &#8211; es gibt einige Aktive, die f\u00fcr eine lebenswerte Welt k\u00e4mpfen.<\/p>\n<p>Ich glaube, vor 50 Jahren war die anarchistische Bewegung gr\u00f6\u00dfer und besser organisiert.<\/p>\n<p>Es gab einige verschiedene Organisationen im Land, aber im Moment wei\u00df ich nur von unserem Kollektiv, dem <em>Circulo de Estudios de la libertad<\/em>, welche das Magazin <em>La Libertad<\/em> (Die Freiheit) &#8211; das wichtigste anarchistische Magazin in Costa Rica &#8211; herausbringen, die <em>G.A.E.S.<\/em> (Grupo Anarquista de Expresi\u00f3n Social) &#8211; ein kleines Kollektiv aus der Provinz Guanacaste und ein anderes Kollektiv aus der Kleinstadt San Ram\u00f3n, dessen Name mir gerade nicht einf\u00e4llt.<\/p>\n<p>Es gibt noch andere aktive Leute, allerdings habe ich dar\u00fcber kaum Informationen.<\/p>\n<p><strong>GWR: Hat die anarchistische Bewegung in Costa Rica eine Basis im Anarchopunk (wie in vielen L\u00e4ndern in Lateinamerika)? Wie steht es um den Anarchopunk in Costa Rica (Bands, Orte&#8230;)?<\/strong><\/p>\n<p>Es gibt viele aktive Anarchopunks, auch in unserem Kollektiv identifiziert sich ein Gro\u00dfteil (inklusive mir) mit Anarchopunk, aber allgemein ist die anarchistische Bewegung hier nicht im Anarchopunk verwurzelt. Die meisten Aktiven bei <em>La Libertad<\/em> sind keine Punks, aber es gibt einige. Es gibt Aktive aus allen Schichten und Altersklassen.<\/p>\n<p>Es gibt einige politische diy-Bands, die gr\u00f6\u00dftenteils anarchistisch sind, z.B. <em>Barrakas<\/em> (meine Band), <em>Enemig@s del Enemigo<\/em>, <em>K.A.M.<\/em>, <em>Embolia Cerebral<\/em>, <em>Kaso Perdido<\/em>, <em>Infame<\/em>, <em>Anti-Dogma<\/em>. Konzerte gibt es wenige, es ist schwer einen Ort zu finden und Geld ist ein weiteres Problem. Ein Frauenkollektiv mit dem Namen <em>Ellas Arriba<\/em> organisiert ab und an diy Konzerte. In Guanacaste ist es einfacher Konzerte zu organisieren, aber Guanacaste ist ziemlich weit weg von San Jos\u00e9.<\/p>\n<p><strong>Wir haben mal \u00fcber ein besetztes Haus in San Jos\u00e9 geredet. Kannst du uns die Geschichte dazu erz\u00e4hlen? War es die erste Besetzung in Costa Rica?<\/strong><\/p>\n<p>Vermutlich war es nicht das erste Squat, aber es war wohl das erste mit der Idee ein anarchistisches soziales Zentrum zu betreiben. Es gibt eine Menge Leute, die in leerstehende H\u00e4user gehen, aber oft nur um dort zu saufen und Drogen zu nehmen und um dann wieder zu gehen.<\/p>\n<p>Das Squat war sehr zentral in San Jos\u00e9, bei der <em>Universit\u00e4t von Costa Rica<\/em>. Fr\u00fcher war es eine Fabrik f\u00fcr Unterw\u00e4sche oder sowas. Wir waren f\u00fcr ca. zwei Monate drin. In der Zeit haben wir nur renoviert und geplant, was mensch mit dem Raum machen kann.<\/p>\n<p>Wir haben das Projekt im Januar 2006 gestartet und im M\u00e4rz hat uns die Universit\u00e4t, der das Haus geh\u00f6rt, r\u00e4umen lassen.<\/p>\n<p><strong>Gab es in der Vergangenheit eine gro\u00dfe anarchistische Bewegung in Costa Rica? Kannst du uns ein wenig \u00fcber die Geschichte des Anarchismus in Costa Rica erz\u00e4hlen?<\/strong><\/p>\n<p>In der Vergangenheit waren die anarchistische Bewegung und die sozialen Bewegungen gr\u00f6\u00dfer. Hier gibt es eine gro\u00dfe Gewerkschaft &#8211; die CGT (die nichts mit den gleichnamigen Organisationen aus Frankreich und Spanien zu tun hat). Als sie sich gr\u00fcndete gab es viele Anarchist_innen und anarchistische Ideen in der Gewerkschaft. Heute ist sie aber eine &#8222;kommunistische&#8220; Gewerkschaft.<\/p>\n<p>Die ersten anarchistischen Ideen kamen Ende des 19. Jahrhunderts nach Costa Rica, durch italienische Arbeiter, die die Zugverbindung an die Karibik-K\u00fcste gebaut haben. Es gab gro\u00dfe Arbeitsk\u00e4mpfe und Demonstrationen in Limon (eine arme Stadt an der Karibik-K\u00fcste) und dieser Protest kam bis San Jos\u00e9. Das ist bemerkenswert, da zu dieser Zeit der Weg San Jos\u00e9-Limon sehr schwierig war. Es waren die ersten gro\u00dfen Proteste in Costa Rica. In dieser Zeit gab es einige libert\u00e4re Zeitungen: <em>La aurora social<\/em>, <em>Hoja obrera<\/em>, <em>Orden Social<\/em>, <em>El trabajo<\/em>, <em>El arraigo del pueblo<\/em>, <em>Grito del pueblo<\/em>, <em>La lucha<\/em>, <em>El derecho<\/em> und <em>La causa del pueblo<\/em>.<\/p>\n<p>1909 gr\u00fcndeten einige Leute, darunter anerkannte Intellektuelle aus Costa Rica, <em>Centro de estudios sociales germinal<\/em>, vermutlich die erste anarchistische Organisation im Land. In diesem Jahr erschienen einige Publikationen, die wichtig f\u00fcr die anarchistische Bewegung waren, einige davon sind: <em>Renovaci\u00f3n<\/em>, <em>Le semour<\/em> (auf Franz\u00f6sisch), und <em>El sol<\/em>, die immer noch sehr bekannt ist.<\/p>\n<p>Die soziale Geschichte dieses Landes ist verzweigt mit anarchistischen Menschen, Zeitungen und Organisationen, aber die &#8222;roten&#8220; Organisationen versuchen den anarchistischen Hintergrund zu verschweigen und sich die Geschichte anzueignen.<\/p>\n<p>Ich kann noch mehr zur Geschichte des Anarchismus in Costa Rica schreiben, es gibt einiges zu erz\u00e4hlen, aber ich glaube der Platz reicht hierf\u00fcr nicht aus.<\/p>\n<p><strong>Es gibt eine gro\u00dfe Bewegung gegen das TLC in Costa Rica. Kannst du etwas dazu sagen? Gibt es Verbindungen zur anarchistischen Bewegung? <\/strong><\/p>\n<p>Momentan ist Costa Rica das einzige Land im CAFTA, welches das TLC noch nicht angenommen hat, weil es eine so gro\u00dfe Bewegung dagegen gibt.<\/p>\n<p>Im Februar 2007 gab es in San Jos\u00e9 eine Demo mit ca. 170.000 Menschen gegen das TLC, dabei hat Costa Rica insgesamt nur 4 Millionen Einwohner_innen. Nun hat die Regierung sich entschlossen ein &#8222;Referendum&#8220; einzuberufen, damit die Bev\u00f6lkerung entscheiden kann ob das TLC angenommen wird oder nicht. Das ist allerdings nur eine politische Startegie, weil die Regierenden wissen, dass das die letzte Chance ist das TLC durchzukriegen.<\/p>\n<p>Die eine H\u00e4lfte der Bev\u00f6lkerung ist f\u00fcr das TLC, die andere dagegen. Die Statistiken sagen, dass die Gegner_innen mit ca. einem Prozent vorne liegen. Das ist bemerkenswert, da die Bef\u00fcrworter_innen des TLC das Geld haben um im Fernsehen und den anderen Massenmedien Werbung f\u00fcr das Abkommen laufen zu lassen. Die Gegner_innen liegen trotzdem vorn, obwohl wir nur durch Demos, Info-Veranstaltungen und Gespr\u00e4che gegen das TLC mobilisieren konnten. Das l\u00e4uft allerdings sehr gut.<\/p>\n<p>Die anarchistische Bewegung arbeitet mit der Anti-TLC Bewegung zusammen, aber wir haben unterschiedliche Visionen. Und wir haben verschiedene Motivationen gegen das TLC. Ein Teil der Anti-TLC Bewegung ist z.B. patriotisch. Allerdings arbeiten wir in diesem Punkt mit der Bewegung bei einigen Aktionen zusammen, um eine starke Bewegung gegen diese beschissene, korrupte Regierung zu haben.<\/p>\n<p><strong>Was f\u00fcr Aktionen organisiert die anarchistische Bewegung? Gibt es viele Aktionen?<\/strong><\/p>\n<p>Im Moment arbeitet die Bewegung hart gegen das TLC: Informationen unter die Leute bringen, Beteiligung an kulturellen Aktionen, Konzerte und die Demonstrationen. Wir machen auch andere, regelm\u00e4\u00dfige Projekte wie z.B. Studien-Kreise, Kunst-Ausstellungen, Seminare, Filmveranstaltungen.<\/p>\n<p><strong>Wie sind die internationalen Kontakte? <\/strong><\/p>\n<p>Wir haben einige Kontakte. Ich glaube aber, dass die Leute trotzdem nicht wissen was in Costa Rica los ist. Ich pers\u00f6nlich stehe in Kontakt mit Leuten aus Kanada, U.S.A, Mexiko, Guatemala, El Salvador, Nicaragua, Kolumbien, Venezuela, Ecuador, Peru, Brasilien, Chile, Argentinien, Puerto Rico, Bolivien, Frankreich, Spanien, Deutschland, Belgien, Singapur, Japan, Israel und Ungarn. Ich glaube, wir haben gute Kontakte in alle Welt, weil auch andere Leute internationale Kontakte haben.<\/p>\n<p><strong>Kannst du uns etwas \u00fcber die anarchistische Bewegung (aktuell und historisch) in den Nachbarl\u00e4ndern (Panama, Nicaragua, Honduras, El Salvador) von Costa Rica erz\u00e4hlen?<\/strong><\/p>\n<p>Wir haben keine Kontakte in Honduras und Panama. Wir wissen von aktiven Leuten in Nicaragua, Guatemala und El Salvador, aber nicht allzu viel. Ich wei\u00df, dass es in Guatemala und El Salvador aktive Anarchopunks gibt, die Fanzines rausbringen, Distros und Bands machen.<\/p>\n<p><strong>Gibt es in Costa Rica soziale Bewegungen, z.B. wie die Landlosen-Bewegung in Brasilien oder die Bewegungen in Argentinien?<\/strong><\/p>\n<p>Es gibt keine Bewegungen wie die in Brasilien und Argentinien. Aber mit der ganzen TLC Geschichte entsteht eine schnell wachsende soziale Bewegung. Diese Bewegung (&#8222;NO&#8220;) ist sehr wichtig f\u00fcr Costa Rica und sie wird langsam auch international bekannt.<\/p>\n","protected":false},"excerpt":{"rendered":"<p>Graswurzelrevolution (GWR): Bitte stell Dich den Leser_innen vor. Wer bist Du, was machst Du? Erland: Mein Name ist Erland und ich arbeite in dem kleinen Kollektiv &#8222;Kolectivo Autogestionario Libertario&#8220; (Selbstbestimmtes libert\u00e4res Kollektiv). Es hat 10 Mitglieder. Wir machen verschiedenste Sachen, aber ich denke, das wichtigste ist unser Fanzine Re-Axion, weil es uns die M\u00f6glichkeit gibt &hellip; <a href=\"https:\/\/www.graswurzel.net\/gwr\/2007\/11\/anarchismus-in-costa-rica\/\">Weiterlesen<\/a><\/p>\n","protected":false},"author":1,"featured_media":0,"comment_status":"closed","ping_status":"closed","sticky":false,"template":"","format":"standard","meta":{"slim_seo":{"title":"Anarchismus in Costa Rica - graswurzelrevolution","description":"Graswurzelrevolution (GWR): Bitte stell Dich den Leser_innen vor. Wer bist Du, was machst Du? Erland: Mein Name ist Erland und ich arbeite in dem kleinen Kollek"},"footnotes":""},"categories":[491,1042],"tags":[],"class_list":["post-8414","post","type-post","status-publish","format-standard","hentry","category-323-november-2007","category-ohne-chef-und-staat"],"_links":{"self":[{"href":"https:\/\/www.graswurzel.net\/gwr\/wp-json\/wp\/v2\/posts\/8414","targetHints":{"allow":["GET"]}}],"collection":[{"href":"https:\/\/www.graswurzel.net\/gwr\/wp-json\/wp\/v2\/posts"}],"about":[{"href":"https:\/\/www.graswurzel.net\/gwr\/wp-json\/wp\/v2\/types\/post"}],"author":[{"embeddable":true,"href":"https:\/\/www.graswurzel.net\/gwr\/wp-json\/wp\/v2\/users\/1"}],"replies":[{"embeddable":true,"href":"https:\/\/www.graswurzel.net\/gwr\/wp-json\/wp\/v2\/comments?post=8414"}],"version-history":[{"count":0,"href":"https:\/\/www.graswurzel.net\/gwr\/wp-json\/wp\/v2\/posts\/8414\/revisions"}],"wp:attachment":[{"href":"https:\/\/www.graswurzel.net\/gwr\/wp-json\/wp\/v2\/media?parent=8414"}],"wp:term":[{"taxonomy":"category","embeddable":true,"href":"https:\/\/www.graswurzel.net\/gwr\/wp-json\/wp\/v2\/categories?post=8414"},{"taxonomy":"post_tag","embeddable":true,"href":"https:\/\/www.graswurzel.net\/gwr\/wp-json\/wp\/v2\/tags?post=8414"}],"curies":[{"name":"wp","href":"https:\/\/api.w.org\/{rel}","templated":true}]}}